{"id":69141,"date":"2016-04-15T14:04:50","date_gmt":"2016-04-15T11:04:50","guid":{"rendered":"http:\/\/www.sana.sy\/tr\/?p=69141"},"modified":"2016-04-16T15:14:06","modified_gmt":"2016-04-16T12:14:06","slug":"keskin-nisanci-teroristler-dort-yasindaki-kardesini-oldurmeleri-ardindan-3-aylik-bebegi-yaraladi","status":"publish","type":"post","link":"https:\/\/archive.sana.sy\/tr\/?p=69141","title":{"rendered":"Keskin Ni\u015fanc\u0131 Ter\u00f6ristler D\u00f6rt Ya\u015f\u0131ndaki Karde\u015fini \u00d6ld\u00fcrmeleri Ard\u0131ndan 3 Ayl\u0131k Bebe\u011fi Yaralad\u0131"},"content":{"rendered":"<p>\u0130DL\u0130B \u2013 \u0130dlib ve k\u0131rsal\u0131nda Erdo\u011fan rejiminin destek ve talimatlar\u0131yla ter\u00f6r estiren \u00e7okuluslu tekfirci ve kiral\u0131k \u00e7etelerden keskin ni\u015fanc\u0131 bir ter\u00f6ristin il k\u0131rsal\u0131n\u0131n kuzeyi Fua Beldesi ahalisine ate\u015f a\u00e7mas\u0131 sonucunda hen\u00fcz emzirme ya\u015f\u0131nda olan bir bebek yaraland\u0131.<\/p>\n<p>\u0130ki y\u0131ldan fazla s\u00fcredir bu ter\u00f6r \u00e7etelerinin ablukas\u0131 alt\u0131nda ya\u015fam m\u00fccadelesi veren Fua Beldesinde yerel kaynaklar SANA ile telefon ba\u011flant\u0131lar\u0131nda; civarda Benni\u015f Beldesinde yay\u0131lan keskin ni\u015fanc\u0131 ter\u00f6ristlerin bug\u00fcn belde ve ahalisini yo\u011fun ate\u015fe tuttuklar\u0131n\u0131 belirtti. Kaynaklar keskin ni\u015fanc\u0131lar\u0131n ate\u015finde hen\u00fcz 3 ayl\u0131k bir bebe\u011fin a\u011f\u0131r yaraland\u0131\u011f\u0131n\u0131 aktard\u0131.<\/p>\n<p>Kaynaklar yaralanan bebe\u011fin, ge\u00e7en y\u0131l yine keskin ni\u015fanc\u0131 ter\u00f6ristlerin ate\u015fiyle 4 ya\u015f\u0131ndaki erkek \u00e7ocuklar\u0131n\u0131 kaybeden bir ailenin tek \u00e7ocu\u011fu oldu\u011funa dikkat \u00e7ekti.<\/p>\n<p>R.H.<\/p>\n","protected":false},"excerpt":{"rendered":"<p>\u0130DL\u0130B \u2013 \u0130dlib ve k\u0131rsal\u0131nda Erdo\u011fan rejiminin destek ve talimatlar\u0131yla ter\u00f6r estiren \u00e7okuluslu tekfirci ve kiral\u0131k \u00e7etelerden keskin ni\u015fanc\u0131 bir ter\u00f6ristin il k\u0131rsal\u0131n\u0131n kuzeyi Fua Beldesi ahalisine ate\u015f a\u00e7mas\u0131 sonucunda hen\u00fcz emzirme ya\u015f\u0131nda olan bir bebek yaraland\u0131. \u0130ki y\u0131ldan fazla s\u00fcredir bu ter\u00f6r \u00e7etelerinin ablukas\u0131 alt\u0131nda ya\u015fam m\u00fccadelesi veren Fua Beldesinde yerel kaynaklar SANA ile &hellip;<\/p>\n","protected":false},"author":1,"featured_media":69143,"comment_status":"closed","ping_status":"closed","sticky":false,"template":"","format":"standard","meta":{"footnotes":""},"categories":[479,575,17988,478],"tags":[20539],"class_list":["post-69141","post","type-post","status-publish","format-standard","has-post-thumbnail","","category-haberler-yerel","category-olaylar-ve-gercekler","category-son-haberler","category-yerel","tag-keskin-nisanci-teroristler-dort-yasindaki-kardesini-oldurmeleri-ardindan-3-aylik-bebegi-yaraladi"],"_links":{"self":[{"href":"https:\/\/archive.sana.sy\/tr\/index.php?rest_route=\/wp\/v2\/posts\/69141","targetHints":{"allow":["GET"]}}],"collection":[{"href":"https:\/\/archive.sana.sy\/tr\/index.php?rest_route=\/wp\/v2\/posts"}],"about":[{"href":"https:\/\/archive.sana.sy\/tr\/index.php?rest_route=\/wp\/v2\/types\/post"}],"author":[{"embeddable":true,"href":"https:\/\/archive.sana.sy\/tr\/index.php?rest_route=\/wp\/v2\/users\/1"}],"replies":[{"embeddable":true,"href":"https:\/\/archive.sana.sy\/tr\/index.php?rest_route=%2Fwp%2Fv2%2Fcomments&post=69141"}],"version-history":[{"count":0,"href":"https:\/\/archive.sana.sy\/tr\/index.php?rest_route=\/wp\/v2\/posts\/69141\/revisions"}],"wp:featuredmedia":[{"embeddable":true,"href":"https:\/\/archive.sana.sy\/tr\/index.php?rest_route=\/wp\/v2\/media\/69143"}],"wp:attachment":[{"href":"https:\/\/archive.sana.sy\/tr\/index.php?rest_route=%2Fwp%2Fv2%2Fmedia&parent=69141"}],"wp:term":[{"taxonomy":"category","embeddable":true,"href":"https:\/\/archive.sana.sy\/tr\/index.php?rest_route=%2Fwp%2Fv2%2Fcategories&post=69141"},{"taxonomy":"post_tag","embeddable":true,"href":"https:\/\/archive.sana.sy\/tr\/index.php?rest_route=%2Fwp%2Fv2%2Ftags&post=69141"}],"curies":[{"name":"wp","href":"https:\/\/api.w.org\/{rel}","templated":true}]}}