{"id":69218,"date":"2016-04-15T19:52:41","date_gmt":"2016-04-15T16:52:41","guid":{"rendered":"http:\/\/www.sana.sy\/tr\/?p=69218"},"modified":"2016-04-16T19:20:20","modified_gmt":"2016-04-16T16:20:20","slug":"de-mistura-ile-suriyenin-yaptigi-degisiklikleri-tartistik","status":"publish","type":"post","link":"https:\/\/archive.sana.sy\/tr\/?p=69218","title":{"rendered":"De Mistura ile Suriye&#8217;nin Yapt\u0131\u011f\u0131 De\u011fi\u015fiklikleri Tart\u0131\u015ft\u0131k (video)"},"content":{"rendered":"<p>CENEVRE \u2013 Suriye&#8217;deki krizin siyasi \u00e7\u00f6z\u00fcm\u00fc i\u00e7in Cenevre&#8217;de Suriyeliler aras\u0131ndaki diyalog g\u00f6r\u00fc\u015fmeleri \u00e7er\u00e7evesinde BM genel sekreterinin Suriye \u00f6zel temsilcisi Staffan de Mistura ile BM\u2019nin Cenevre binas\u0131nda bir araya gelen Suriye Arap Cumhuriyeti heyetinin ba\u015fkan\u0131 Be\u015f\u015far el Caferi g\u00f6r\u00fc\u015fmenin ard\u0131ndan bas\u0131n a\u00e7\u0131klamalar\u0131nda bulundu.<\/p>\n<p><img loading=\"lazy\" decoding=\"async\" class=\"alignright wp-image-69197 size-medium\" src=\"http:\/\/www.sana.sy\/tr\/wp-content\/uploads\/2016\/04\/Suriye-heyeti-300x150.jpg\" alt=\"Suriye heyeti\" width=\"300\" height=\"150\" srcset=\"https:\/\/archive.sana.sy\/tr\/wp-content\/uploads\/2016\/04\/Suriye-heyeti-300x150.jpg 300w, https:\/\/archive.sana.sy\/tr\/wp-content\/uploads\/2016\/04\/Suriye-heyeti-150x75.jpg 150w, https:\/\/archive.sana.sy\/tr\/wp-content\/uploads\/2016\/04\/Suriye-heyeti.jpg 660w\" sizes=\"auto, (max-width: 300px) 100vw, 300px\" \/>Bas\u0131n a\u00e7\u0131klamalar\u0131nda Caferi Suriye&#8217;de parlamento se\u00e7imlerinin bitmesi ard\u0131ndan Suriye Arap Cumhuriyeti heyetinin Cenevre&#8217;ye geldi\u011fini ve de Mistura ile yap\u0131c\u0131 ve faydal\u0131 temaslarda bulundu\u011funu s\u00f6yledi. De Mistua ile toplant\u0131da bir \u00f6nceki turun sonunda takdim etti\u011fi belgeyi masaya yat\u0131rd\u0131klar\u0131n\u0131 belirten Caferi; Suriye heyetinin bir k\u0131s\u0131m de\u011fi\u015fiklikler takdim etti\u011fini, bu de\u011fi\u015fiklikleri inceleyip di\u011fer taraflara sunmas\u0131n\u0131 talep etti\u011fini a\u00e7\u0131klad\u0131.<\/p>\n<p>Suriye heyeti ba\u015fkan\u0131 Caferi de Mistura ile s\u00f6z konusu de\u011fi\u015ftirmelerin tart\u0131\u015fmas\u0131n\u0131 \u00f6n\u00fcm\u00fczdeki Pazartesi g\u00fcn\u00fc saat 11\u2019de yap\u0131lacak toplant\u0131da s\u00fcrd\u00fcrme \u00fczerine anla\u015ft\u0131klar\u0131n\u0131 belirtti.<\/p>\n<p>Herhangi bir d\u0131\u015f m\u00fcdahale olmaks\u0131z\u0131n Suriyeliler aras\u0131nda yap\u0131lacak diyalogla krize siyasi \u00e7\u00f6z\u00fcm bulma g\u00f6r\u00fc\u015fmelerine kat\u0131lmak \u00fczere Suriye\u2019nin BM\u2019deki daimi temsilcisi Be\u015f\u015far el Caferi ba\u015fkanl\u0131\u011f\u0131ndaki Suriye Arap Cumhuriyeti heyeti bug\u00fcn \u00f6\u011flen saatlerinde Cenevre\u2019ye ula\u015fm\u0131\u015f, \u00f6\u011fleden sonra da de Mistura ile g\u00f6r\u00fc\u015fmek \u00fczere BM\u2019nin Cenevre&#8217;deki binas\u0131na girmi\u015fti.<\/p>\n<p>Ba\u015fbakan Yard\u0131mc\u0131s\u0131 D\u0131\u015fi\u015fleri ve Gurbet\u00e7iler Bakan\u0131 Velid el Muallim 11 Nisan tarihinde \u015eam\u2019\u0131 ziyaret eden de Mistura ile temaslar\u0131nda Suriye\u2019nin diyalog g\u00f6r\u00fc\u015fmeleri ve krizin siyasi yollarla \u00e7\u00f6z\u00fcm\u00fcne ili\u015fkin Suriye\u2019nin ulusalc\u0131 sabit tutumunu yinelemi\u015fti.<\/p>\n<p><a href=\"https:\/\/www.youtube.com\/watch?v=wKJJlzXlDBE\" target=\"_blank\">https:\/\/www.youtube.com\/watch?v=wKJJlzXlDBE<\/a><\/p>\n<p><a href=\"https:\/\/www.youtube.com\/watch?v=wjjdWN7EvmE\" target=\"_blank\">https:\/\/www.youtube.com\/watch?v=wjjdWN7EvmE<\/a><\/p>\n<p>&nbsp;<\/p>\n","protected":false},"excerpt":{"rendered":"<p>CENEVRE \u2013 Suriye&#8217;deki krizin siyasi \u00e7\u00f6z\u00fcm\u00fc i\u00e7in Cenevre&#8217;de Suriyeliler aras\u0131ndaki diyalog g\u00f6r\u00fc\u015fmeleri \u00e7er\u00e7evesinde BM genel sekreterinin Suriye \u00f6zel temsilcisi Staffan de Mistura ile BM\u2019nin Cenevre binas\u0131nda bir araya gelen Suriye Arap Cumhuriyeti heyetinin ba\u015fkan\u0131 Be\u015f\u015far el Caferi g\u00f6r\u00fc\u015fmenin ard\u0131ndan bas\u0131n a\u00e7\u0131klamalar\u0131nda bulundu. Bas\u0131n a\u00e7\u0131klamalar\u0131nda Caferi Suriye&#8217;de parlamento se\u00e7imlerinin bitmesi ard\u0131ndan Suriye Arap Cumhuriyeti heyetinin Cenevre&#8217;ye &hellip;<\/p>\n","protected":false},"author":1,"featured_media":69219,"comment_status":"closed","ping_status":"closed","sticky":false,"template":"","format":"standard","meta":{"footnotes":""},"categories":[458,459,17988],"tags":[],"class_list":["post-69218","post","type-post","status-publish","format-standard","has-post-thumbnail","","category-dunya1","category-haberler-arap-uluslararasi-politika","category-son-haberler"],"_links":{"self":[{"href":"https:\/\/archive.sana.sy\/tr\/index.php?rest_route=\/wp\/v2\/posts\/69218","targetHints":{"allow":["GET"]}}],"collection":[{"href":"https:\/\/archive.sana.sy\/tr\/index.php?rest_route=\/wp\/v2\/posts"}],"about":[{"href":"https:\/\/archive.sana.sy\/tr\/index.php?rest_route=\/wp\/v2\/types\/post"}],"author":[{"embeddable":true,"href":"https:\/\/archive.sana.sy\/tr\/index.php?rest_route=\/wp\/v2\/users\/1"}],"replies":[{"embeddable":true,"href":"https:\/\/archive.sana.sy\/tr\/index.php?rest_route=%2Fwp%2Fv2%2Fcomments&post=69218"}],"version-history":[{"count":0,"href":"https:\/\/archive.sana.sy\/tr\/index.php?rest_route=\/wp\/v2\/posts\/69218\/revisions"}],"wp:featuredmedia":[{"embeddable":true,"href":"https:\/\/archive.sana.sy\/tr\/index.php?rest_route=\/wp\/v2\/media\/69219"}],"wp:attachment":[{"href":"https:\/\/archive.sana.sy\/tr\/index.php?rest_route=%2Fwp%2Fv2%2Fmedia&parent=69218"}],"wp:term":[{"taxonomy":"category","embeddable":true,"href":"https:\/\/archive.sana.sy\/tr\/index.php?rest_route=%2Fwp%2Fv2%2Fcategories&post=69218"},{"taxonomy":"post_tag","embeddable":true,"href":"https:\/\/archive.sana.sy\/tr\/index.php?rest_route=%2Fwp%2Fv2%2Ftags&post=69218"}],"curies":[{"name":"wp","href":"https:\/\/api.w.org\/{rel}","templated":true}]}}