{"id":69227,"date":"2016-04-16T12:00:33","date_gmt":"2016-04-16T09:00:33","guid":{"rendered":"http:\/\/www.sana.sy\/tr\/?p=69227"},"modified":"2016-04-17T15:14:28","modified_gmt":"2016-04-17T12:14:28","slug":"teroristlerin-gelisiguzel-saldirilari-devam-ediyor","status":"publish","type":"post","link":"https:\/\/archive.sana.sy\/tr\/?p=69227","title":{"rendered":"Ter\u00f6ristlerin Geli\u015fig\u00fczel Sald\u0131r\u0131lar\u0131 Devam Ediyor"},"content":{"rendered":"<p>HALEP \u2013 Erdo\u011fan ve Al Suud rejimlerinin destekledikleri ter\u00f6ristler \u00e7at\u0131\u015fmalar\u0131 durdurma anla\u015fmas\u0131na ihlallerini s\u00fcrd\u00fcrerek Halep Kentinin sivil yerle\u015fim alanlar\u0131na geli\u015fig\u00fczel f\u00fcze sald\u0131r\u0131lar\u0131n\u0131 s\u00fcrd\u00fcrd\u00fc.<\/p>\n<p>Halep Emniyet M\u00fcd\u00fcrl\u00fc\u011f\u00fcnde bir kaynak SANA\u2019ya a\u00e7\u0131klamas\u0131nda Bostan el Pa\u015fa Semtinde siperlenen ter\u00f6ristlerin bug\u00fcn Halep Kentinin sivil yerle\u015fim alanlar\u0131ndan Meydan Semtine f\u00fczelerle geli\u015fig\u00fczel korkak sald\u0131r\u0131larda bulunmalar\u0131 sonucunda ayn\u0131 aileden 4 vatanda\u015f\u0131n \u015fehit d\u00fc\u015fmesine yol a\u00e7t\u0131klar\u0131n\u0131 belirtti. Kaynak ter\u00f6r sald\u0131r\u0131lar\u0131nda vatanda\u015flara ait bir\u00e7ok evin de hasar g\u00f6rd\u00fc\u011f\u00fcn\u00fc s\u00f6zlerine ekledi.<\/p>\n<p>Leyramon Semtinde siperlenen ter\u00f6ristlerin \u015eeyhan Bulvar\u0131nda sivil vatanda\u015flara keskin ni\u015fanc\u0131 silahlar\u0131yla ate\u015f a\u00e7t\u0131klar\u0131n\u0131 belirten kaynak, bunun sonucunda bir ki\u015finin \u015fehit, bir kad\u0131n\u0131n da yaral\u0131 d\u00fc\u015ft\u00fcklerini ifade etti.<\/p>\n<p>\u00d6\u011fleden sonra saatlerinde ise yine Halep Emniyet m\u00fcd\u00fcrl\u00fc\u011f\u00fcnden bir kaynak SANA\u2019ya a\u00e7\u0131klamas\u0131nda Erdo\u011fan ve Al Suud rejimlerine tabi ter\u00f6r \u00e7etelerinin Halep Kentinin sivil yerle\u015fim alanlar\u0131ndan Halidiye ve Azamiye semtlerine geli\u015fig\u00fczel f\u00fcze sald\u0131r\u0131lar\u0131nda 2 vatanda\u015f\u0131n \u015fehit, 7 vatanda\u015f\u0131n da yaral\u0131 d\u00fc\u015ft\u00fcklerini a\u00e7\u0131klad\u0131<\/p>\n<p>Bilindi\u011fi \u00fczere Halep Kentinin muhtelif b\u00f6lgelerinde sivil vatanda\u015flar\u0131 canl\u0131 kalkan olarak kullanan ve geneli Kaide \u00d6rg\u00fct\u00fcn\u00fcn Suriye kolu Nusra Cephesine tabi olan ter\u00f6r \u00e7eteleri T\u00fcrkiye&#8217;de Erdo\u011fan ve Suudi Arabistan\u2019da Al Suud rejimlerinden her t\u00fcrl\u00fc deste\u011fi al\u0131yor.<\/p>\n","protected":false},"excerpt":{"rendered":"<p>HALEP \u2013 Erdo\u011fan ve Al Suud rejimlerinin destekledikleri ter\u00f6ristler \u00e7at\u0131\u015fmalar\u0131 durdurma anla\u015fmas\u0131na ihlallerini s\u00fcrd\u00fcrerek Halep Kentinin sivil yerle\u015fim alanlar\u0131na geli\u015fig\u00fczel f\u00fcze sald\u0131r\u0131lar\u0131n\u0131 s\u00fcrd\u00fcrd\u00fc. Halep Emniyet M\u00fcd\u00fcrl\u00fc\u011f\u00fcnde bir kaynak SANA\u2019ya a\u00e7\u0131klamas\u0131nda Bostan el Pa\u015fa Semtinde siperlenen ter\u00f6ristlerin bug\u00fcn Halep Kentinin sivil yerle\u015fim alanlar\u0131ndan Meydan Semtine f\u00fczelerle geli\u015fig\u00fczel korkak sald\u0131r\u0131larda bulunmalar\u0131 sonucunda ayn\u0131 aileden 4 vatanda\u015f\u0131n \u015fehit &hellip;<\/p>\n","protected":false},"author":1,"featured_media":60074,"comment_status":"closed","ping_status":"closed","sticky":false,"template":"","format":"standard","meta":{"footnotes":""},"categories":[479,575,17988,478],"tags":[18237,18176,17606,5010,15945,18674,18174,20426,17320,20544],"class_list":["post-69227","post","type-post","status-publish","format-standard","has-post-thumbnail","","category-haberler-yerel","category-olaylar-ve-gercekler","category-son-haberler","category-yerel","tag-cihatcilar","tag-erdogan-ceteleri","tag-fuze-saldirilari","tag-havan-saldirilari","tag-ilimli-muhalifler","tag-silahli-muhalifler","tag-sivillere-saldiri","tag-suriye-muhalifleri","tag-tekfirciler","tag-teroristlerin-gelisiguzel-saldirilari-devam-ediyor"],"_links":{"self":[{"href":"https:\/\/archive.sana.sy\/tr\/index.php?rest_route=\/wp\/v2\/posts\/69227","targetHints":{"allow":["GET"]}}],"collection":[{"href":"https:\/\/archive.sana.sy\/tr\/index.php?rest_route=\/wp\/v2\/posts"}],"about":[{"href":"https:\/\/archive.sana.sy\/tr\/index.php?rest_route=\/wp\/v2\/types\/post"}],"author":[{"embeddable":true,"href":"https:\/\/archive.sana.sy\/tr\/index.php?rest_route=\/wp\/v2\/users\/1"}],"replies":[{"embeddable":true,"href":"https:\/\/archive.sana.sy\/tr\/index.php?rest_route=%2Fwp%2Fv2%2Fcomments&post=69227"}],"version-history":[{"count":0,"href":"https:\/\/archive.sana.sy\/tr\/index.php?rest_route=\/wp\/v2\/posts\/69227\/revisions"}],"wp:featuredmedia":[{"embeddable":true,"href":"https:\/\/archive.sana.sy\/tr\/index.php?rest_route=\/wp\/v2\/media\/60074"}],"wp:attachment":[{"href":"https:\/\/archive.sana.sy\/tr\/index.php?rest_route=%2Fwp%2Fv2%2Fmedia&parent=69227"}],"wp:term":[{"taxonomy":"category","embeddable":true,"href":"https:\/\/archive.sana.sy\/tr\/index.php?rest_route=%2Fwp%2Fv2%2Fcategories&post=69227"},{"taxonomy":"post_tag","embeddable":true,"href":"https:\/\/archive.sana.sy\/tr\/index.php?rest_route=%2Fwp%2Fv2%2Ftags&post=69227"}],"curies":[{"name":"wp","href":"https:\/\/api.w.org\/{rel}","templated":true}]}}