{"id":69236,"date":"2016-04-16T13:39:25","date_gmt":"2016-04-16T10:39:25","guid":{"rendered":"http:\/\/www.sana.sy\/tr\/?p=69236"},"modified":"2016-04-17T15:14:24","modified_gmt":"2016-04-17T12:14:24","slug":"bebegimi-parca-parca-kesip-posetle-gondermelerinden-sonra-turkiyeye-kactim","status":"publish","type":"post","link":"https:\/\/archive.sana.sy\/tr\/?p=69236","title":{"rendered":"Bebe\u011fimi Par\u00e7a Par\u00e7a Kesip Po\u015fetle G\u00f6ndermelerinden Sonra T\u00fcrkiye&#8217;ye Ka\u00e7t\u0131m (video)"},"content":{"rendered":"<p>MOSKOVA \u2013 \u0130nsanl\u0131\u011f\u0131n tan\u0131k olabilece\u011fi en vah\u015fi ter\u00f6re desteklerine \u00f6rt\u00fc temin etmek amac\u0131yla ba\u015fta Erdo\u011fan rejimi ve yanda\u015f medyas\u0131n\u0131n \u2018Il\u0131ml\u0131 muhalifler\u2019, \u2018Suriyeli devrimciler\u2019 ve daha ba\u015fka benzeri isimler kulland\u0131klar\u0131 ter\u00f6ristlerin be\u015f y\u0131ldan fazla s\u00fcredir Suriye ve halk\u0131na kar\u015f\u0131 vah\u015fetlerine binlerce kan\u0131ttan biri bu kez bir babadan geldi.<\/p>\n<p>Maruz kald\u0131\u011f\u0131 tehditlerden korkusuyla ad\u0131n\u0131 gizleyerek Rusya Bug\u00fcn Televizyonuna konu\u015fan Suriyeli bir baba; \u2018\u00d6zg\u00fcr Suriye Ordusu\u2019 yada k\u0131saca \u2018\u00d6SO\u2019 ad\u0131yla bilinen kiral\u0131k ve vatan haini \u00e7etelerden ter\u00f6ristlerin 2012 y\u0131l\u0131nda evine sald\u0131rarak hen\u00fcz 1,5 ya\u015flar\u0131ndaki bebe\u011fini ka\u00e7\u0131rd\u0131klar\u0131n\u0131 s\u00f6yledi. Baba ter\u00f6ristlerin bebe\u011fini \u00f6ld\u00fcrmeleri ard\u0131ndan par\u00e7a par\u00e7a kesip bir po\u015fetin i\u00e7inde kendisine g\u00f6nderdiklerini ifade ederken, tek su\u00e7unun Suriye ordusundan ayr\u0131l\u0131p kendilerine kat\u0131lmay\u0131 reddetmek oldu\u011funa dikkat \u00e7ekti.<\/p>\n<p>O s\u00fcre\u00e7te I\u015e\u0130D ve Nusra Cephesinin hen\u00fcz mevcut \u015fekliyle bulunmad\u0131klar\u0131na i\u015faret eden baba, ter\u00f6re destekleriyle bilinen devletlerin bu \u00e7eteleri \u2018\u00f6zg\u00fcrl\u00fck, insan haklar\u0131, Suriye halk\u0131n\u0131 koruma\u2019 ve daha benzeri isimler alt\u0131nda destekleyip provoke ettiklerine vurgu yapt\u0131.<\/p>\n<p>Kendisinin Suriye&#8217;nin kuzeyinde bir b\u00f6lgeden oldu\u011funu s\u00f6yleyen baba; \u2018\u00d6SO\u2019 \u00e7etelerinin, 72 saat s\u00fcre vermeleri ard\u0131ndan bebe\u011fini par\u00e7alay\u0131p siyah bir po\u015fetin i\u00e7inde kap\u0131s\u0131na att\u0131klar\u0131n\u0131 ifade etti. Baba Suriye ordusundan ayr\u0131l\u0131p kendilerine kat\u0131lmamas\u0131 halinde di\u011fer iki \u00e7ocu\u011funu da ayn\u0131 \u015fekilde par\u00e7alayacaklar\u0131 tehdidinde bulunduklar\u0131n\u0131 belirtti. Baba ertesi g\u00fcn ailesiyle birlikte T\u00fcrkiye&#8217;deki bir m\u00fclteci kamp\u0131na ka\u00e7t\u0131klar\u0131n\u0131, daha sonra da Suriye&#8217;ye hi\u00e7 d\u00f6nmedi\u011fini a\u00e7\u0131klad\u0131.<\/p>\n<p>\u2018\u00d6SO\u2019 \u00e7etelerinin ilk g\u00fcnlerden beri Suriyelilere bask\u0131 ve tehditlerde bulunduklar\u0131na dikkat \u00e7eken baba; \u00f6zellikle orduda asker olanlar ba\u015fta olmak \u00fczere kendilerine kat\u0131lmayanlar\u0131n \u00e7ocuklar\u0131n\u0131, baba veya annelerini, karde\u015flerini \u00f6ld\u00fcrmekle tehdit ettiklerini s\u00f6yledi. Baba bu \u00e7etelerin s\u00f6z konusu tehditlerini de so\u011fuk kanl\u0131l\u0131k ve vah\u015fetle uygulad\u0131klar\u0131n\u0131 ifade etti.<\/p>\n<p><a href=\"https:\/\/www.youtube.com\/watch?v=ac1cjO2jiWo\" target=\"_blank\">https:\/\/www.youtube.com\/watch?v=ac1cjO2jiWo<\/a><\/p>\n","protected":false},"excerpt":{"rendered":"<p>MOSKOVA \u2013 \u0130nsanl\u0131\u011f\u0131n tan\u0131k olabilece\u011fi en vah\u015fi ter\u00f6re desteklerine \u00f6rt\u00fc temin etmek amac\u0131yla ba\u015fta Erdo\u011fan rejimi ve yanda\u015f medyas\u0131n\u0131n \u2018Il\u0131ml\u0131 muhalifler\u2019, \u2018Suriyeli devrimciler\u2019 ve daha ba\u015fka benzeri isimler kulland\u0131klar\u0131 ter\u00f6ristlerin be\u015f y\u0131ldan fazla s\u00fcredir Suriye ve halk\u0131na kar\u015f\u0131 vah\u015fetlerine binlerce kan\u0131ttan biri bu kez bir babadan geldi. Maruz kald\u0131\u011f\u0131 tehditlerden korkusuyla ad\u0131n\u0131 gizleyerek Rusya Bug\u00fcn &hellip;<\/p>\n","protected":false},"author":1,"featured_media":69237,"comment_status":"closed","ping_status":"closed","sticky":false,"template":"","format":"standard","meta":{"footnotes":""},"categories":[458,559,459,17988],"tags":[20547,20546,20549,15945,18347,20427,18674,20548,20545],"class_list":["post-69236","post","type-post","status-publish","format-standard","has-post-thumbnail","","category-dunya1","category-dunya-basini","category-haberler-arap-uluslararasi-politika","category-son-haberler","tag-bebegi-kestiler","tag-bebegi-parcaladilar","tag-cocugu-dogradilar","tag-ilimli-muhalifler","tag-oso","tag-ozgur-ordu","tag-silahli-muhalifler","tag-suriey-muhalifleri","tag-suriyeli-baba"],"_links":{"self":[{"href":"https:\/\/archive.sana.sy\/tr\/index.php?rest_route=\/wp\/v2\/posts\/69236","targetHints":{"allow":["GET"]}}],"collection":[{"href":"https:\/\/archive.sana.sy\/tr\/index.php?rest_route=\/wp\/v2\/posts"}],"about":[{"href":"https:\/\/archive.sana.sy\/tr\/index.php?rest_route=\/wp\/v2\/types\/post"}],"author":[{"embeddable":true,"href":"https:\/\/archive.sana.sy\/tr\/index.php?rest_route=\/wp\/v2\/users\/1"}],"replies":[{"embeddable":true,"href":"https:\/\/archive.sana.sy\/tr\/index.php?rest_route=%2Fwp%2Fv2%2Fcomments&post=69236"}],"version-history":[{"count":0,"href":"https:\/\/archive.sana.sy\/tr\/index.php?rest_route=\/wp\/v2\/posts\/69236\/revisions"}],"wp:featuredmedia":[{"embeddable":true,"href":"https:\/\/archive.sana.sy\/tr\/index.php?rest_route=\/wp\/v2\/media\/69237"}],"wp:attachment":[{"href":"https:\/\/archive.sana.sy\/tr\/index.php?rest_route=%2Fwp%2Fv2%2Fmedia&parent=69236"}],"wp:term":[{"taxonomy":"category","embeddable":true,"href":"https:\/\/archive.sana.sy\/tr\/index.php?rest_route=%2Fwp%2Fv2%2Fcategories&post=69236"},{"taxonomy":"post_tag","embeddable":true,"href":"https:\/\/archive.sana.sy\/tr\/index.php?rest_route=%2Fwp%2Fv2%2Ftags&post=69236"}],"curies":[{"name":"wp","href":"https:\/\/api.w.org\/{rel}","templated":true}]}}