{"id":69287,"date":"2016-04-16T10:00:59","date_gmt":"2016-04-16T07:00:59","guid":{"rendered":"http:\/\/www.sana.sy\/tr\/?p=69287"},"modified":"2016-04-16T16:33:13","modified_gmt":"2016-04-16T13:33:13","slug":"secim-yuksek-yargi-komisyonu-13-nisan-tarihinde-yapilan-milletvekili-secimlerinin-oylarini-sayma-islemlerinin-hala-dakik-ve-objektif-bir-sekilde-devam-ettigini-bu-islemlerin-sona-ermesi-ardindan-tum","status":"publish","type":"post","link":"https:\/\/archive.sana.sy\/tr\/?p=69287","title":{"rendered":"Se\u00e7im Y\u00fcksek Yarg\u0131 Komisyonu 13 Nisan tarihinde yap\u0131lan milletvekili se\u00e7imlerinin oylar\u0131n\u0131 sayma i\u015flemlerinin hala dakik ve objektif bir \u015fekilde devam etti\u011fini, bu i\u015flemlerin sona ermesi ard\u0131ndan t\u00fcm medya ara\u00e7lar\u0131na a\u00e7\u0131k bas\u0131n konferans\u0131yla ilan edilece\u011fini belirtti"},"content":{"rendered":"<p>Se\u00e7im Y\u00fcksek Yarg\u0131 Komisyonu 13 Nisan tarihinde yap\u0131lan milletvekili se\u00e7imlerinin oylar\u0131n\u0131 sayma i\u015flemlerinin hala dakik ve objektif bir \u015fekilde devam etti\u011fini, bu i\u015flemlerin sona ermesi ard\u0131ndan t\u00fcm medya ara\u00e7lar\u0131na a\u00e7\u0131k bas\u0131n konferans\u0131yla ilan edilece\u011fini belirtti<\/p>\n","protected":false},"excerpt":{"rendered":"<p>Se\u00e7im Y\u00fcksek Yarg\u0131 Komisyonu 13 Nisan tarihinde yap\u0131lan milletvekili se\u00e7imlerinin oylar\u0131n\u0131 sayma i\u015flemlerinin hala dakik ve objektif bir \u015fekilde devam etti\u011fini, bu i\u015flemlerin sona ermesi ard\u0131ndan t\u00fcm medya ara\u00e7lar\u0131na a\u00e7\u0131k bas\u0131n konferans\u0131yla ilan edilece\u011fini belirtti<\/p>\n","protected":false},"author":1,"featured_media":50869,"comment_status":"closed","ping_status":"closed","sticky":false,"template":"","format":"standard","meta":{"footnotes":""},"categories":[17991],"tags":[],"class_list":["post-69287","post","type-post","status-publish","format-standard","has-post-thumbnail","","category-son-dakika"],"_links":{"self":[{"href":"https:\/\/archive.sana.sy\/tr\/index.php?rest_route=\/wp\/v2\/posts\/69287","targetHints":{"allow":["GET"]}}],"collection":[{"href":"https:\/\/archive.sana.sy\/tr\/index.php?rest_route=\/wp\/v2\/posts"}],"about":[{"href":"https:\/\/archive.sana.sy\/tr\/index.php?rest_route=\/wp\/v2\/types\/post"}],"author":[{"embeddable":true,"href":"https:\/\/archive.sana.sy\/tr\/index.php?rest_route=\/wp\/v2\/users\/1"}],"replies":[{"embeddable":true,"href":"https:\/\/archive.sana.sy\/tr\/index.php?rest_route=%2Fwp%2Fv2%2Fcomments&post=69287"}],"version-history":[{"count":0,"href":"https:\/\/archive.sana.sy\/tr\/index.php?rest_route=\/wp\/v2\/posts\/69287\/revisions"}],"wp:featuredmedia":[{"embeddable":true,"href":"https:\/\/archive.sana.sy\/tr\/index.php?rest_route=\/wp\/v2\/media\/50869"}],"wp:attachment":[{"href":"https:\/\/archive.sana.sy\/tr\/index.php?rest_route=%2Fwp%2Fv2%2Fmedia&parent=69287"}],"wp:term":[{"taxonomy":"category","embeddable":true,"href":"https:\/\/archive.sana.sy\/tr\/index.php?rest_route=%2Fwp%2Fv2%2Fcategories&post=69287"},{"taxonomy":"post_tag","embeddable":true,"href":"https:\/\/archive.sana.sy\/tr\/index.php?rest_route=%2Fwp%2Fv2%2Ftags&post=69287"}],"curies":[{"name":"wp","href":"https:\/\/api.w.org\/{rel}","templated":true}]}}