{"id":69291,"date":"2016-04-16T16:40:23","date_gmt":"2016-04-16T13:40:23","guid":{"rendered":"http:\/\/www.sana.sy\/tr\/?p=69291"},"modified":"2016-04-16T16:37:44","modified_gmt":"2016-04-16T13:37:44","slug":"halep-emniyet-mudurlugunden-bir-kaynak-sanaya-aciklamasinda-erdogan-ve-al-suud-rejimlerine-tabi-teror-cetelerinin-halep-kentinin-sivil-yerlesim-alanlarindan-halidiye-ve-azamiye-semtlerine-gel","status":"publish","type":"post","link":"https:\/\/archive.sana.sy\/tr\/?p=69291","title":{"rendered":"Halep Emniyet m\u00fcd\u00fcrl\u00fc\u011f\u00fcnden bir kaynak SANA\u2019ya a\u00e7\u0131klamas\u0131nda Erdo\u011fan ve Al Suud rejimlerine tabi ter\u00f6r \u00e7etelerinin Halep Kentinin sivil yerle\u015fim alanlar\u0131ndan Halidiye ve Azamiye semtlerine geli\u015fig\u00fczel f\u00fcze sald\u0131r\u0131lar\u0131nda 2 vatanda\u015f\u0131n \u015fehit, 7 vatanda\u015f\u0131n da yaral\u0131 d\u00fc\u015ft\u00fcklerini a\u00e7\u0131klad\u0131"},"content":{"rendered":"<p>Halep Emniyet m\u00fcd\u00fcrl\u00fc\u011f\u00fcnden bir kaynak SANA\u2019ya a\u00e7\u0131klamas\u0131nda Erdo\u011fan ve Al Suud rejimlerine tabi ter\u00f6r \u00e7etelerinin Halep Kentinin sivil yerle\u015fim alanlar\u0131ndan Halidiye ve Azamiye semtlerine geli\u015fig\u00fczel f\u00fcze sald\u0131r\u0131lar\u0131nda 2 vatanda\u015f\u0131n \u015fehit, 7 vatanda\u015f\u0131n da yaral\u0131 d\u00fc\u015ft\u00fcklerini a\u00e7\u0131klad\u0131<\/p>\n","protected":false},"excerpt":{"rendered":"<p>Halep Emniyet m\u00fcd\u00fcrl\u00fc\u011f\u00fcnden bir kaynak SANA\u2019ya a\u00e7\u0131klamas\u0131nda Erdo\u011fan ve Al Suud rejimlerine tabi ter\u00f6r \u00e7etelerinin Halep Kentinin sivil yerle\u015fim alanlar\u0131ndan Halidiye ve Azamiye semtlerine geli\u015fig\u00fczel f\u00fcze sald\u0131r\u0131lar\u0131nda 2 vatanda\u015f\u0131n \u015fehit, 7 vatanda\u015f\u0131n da yaral\u0131 d\u00fc\u015ft\u00fcklerini a\u00e7\u0131klad\u0131<\/p>\n","protected":false},"author":1,"featured_media":0,"comment_status":"closed","ping_status":"closed","sticky":false,"template":"","format":"standard","meta":{"footnotes":""},"categories":[17991],"tags":[],"class_list":["post-69291","post","type-post","status-publish","format-standard","","category-son-dakika"],"_links":{"self":[{"href":"https:\/\/archive.sana.sy\/tr\/index.php?rest_route=\/wp\/v2\/posts\/69291","targetHints":{"allow":["GET"]}}],"collection":[{"href":"https:\/\/archive.sana.sy\/tr\/index.php?rest_route=\/wp\/v2\/posts"}],"about":[{"href":"https:\/\/archive.sana.sy\/tr\/index.php?rest_route=\/wp\/v2\/types\/post"}],"author":[{"embeddable":true,"href":"https:\/\/archive.sana.sy\/tr\/index.php?rest_route=\/wp\/v2\/users\/1"}],"replies":[{"embeddable":true,"href":"https:\/\/archive.sana.sy\/tr\/index.php?rest_route=%2Fwp%2Fv2%2Fcomments&post=69291"}],"version-history":[{"count":0,"href":"https:\/\/archive.sana.sy\/tr\/index.php?rest_route=\/wp\/v2\/posts\/69291\/revisions"}],"wp:attachment":[{"href":"https:\/\/archive.sana.sy\/tr\/index.php?rest_route=%2Fwp%2Fv2%2Fmedia&parent=69291"}],"wp:term":[{"taxonomy":"category","embeddable":true,"href":"https:\/\/archive.sana.sy\/tr\/index.php?rest_route=%2Fwp%2Fv2%2Fcategories&post=69291"},{"taxonomy":"post_tag","embeddable":true,"href":"https:\/\/archive.sana.sy\/tr\/index.php?rest_route=%2Fwp%2Fv2%2Ftags&post=69291"}],"curies":[{"name":"wp","href":"https:\/\/api.w.org\/{rel}","templated":true}]}}