{"id":69297,"date":"2016-04-16T21:08:39","date_gmt":"2016-04-16T18:08:39","guid":{"rendered":"http:\/\/sana.sy\/tr\/?p=69297"},"modified":"2016-04-16T21:08:39","modified_gmt":"2016-04-16T18:08:39","slug":"aksam-saatlerinde-sanaya-aciklama-yapan-askeri-bir-kaynak-ordu-birliklerimizin-suveyda-kirsalinin-kuzeydogusu-kasr-koyunde-iside-ait-4-araci-imha-ettiklerini-ve-20-teroristi-oldurduk","status":"publish","type":"post","link":"https:\/\/archive.sana.sy\/tr\/?p=69297","title":{"rendered":"Ak\u015fam saatlerinde SANA\u2019ya a\u00e7\u0131klama yapan askeri bir kaynak ordu birliklerimizin S\u00fcveyda k\u0131rsal\u0131n\u0131n kuzeydo\u011fusu Kasr K\u00f6y\u00fcnde I\u015e\u0130D\u2019e ait 4 arac\u0131 imha ettiklerini ve 20 ter\u00f6risti \u00f6ld\u00fcrd\u00fcklerini belirtti"},"content":{"rendered":"<p>Ak\u015fam saatlerinde SANA\u2019ya a\u00e7\u0131klama yapan askeri bir kaynak ordu birliklerimizin S\u00fcveyda k\u0131rsal\u0131n\u0131n kuzeydo\u011fusu Kasr K\u00f6y\u00fcnde I\u015e\u0130D\u2019e ait 4 arac\u0131 imha ettiklerini ve 20 ter\u00f6risti \u00f6ld\u00fcrd\u00fcklerini belirtti<\/p>\n","protected":false},"excerpt":{"rendered":"<p>Ak\u015fam saatlerinde SANA\u2019ya a\u00e7\u0131klama yapan askeri bir kaynak ordu birliklerimizin S\u00fcveyda k\u0131rsal\u0131n\u0131n kuzeydo\u011fusu Kasr K\u00f6y\u00fcnde I\u015e\u0130D\u2019e ait 4 arac\u0131 imha ettiklerini ve 20 ter\u00f6risti \u00f6ld\u00fcrd\u00fcklerini belirtti<\/p>\n","protected":false},"author":1,"featured_media":0,"comment_status":"closed","ping_status":"closed","sticky":false,"template":"","format":"standard","meta":{"footnotes":""},"categories":[17991],"tags":[],"class_list":["post-69297","post","type-post","status-publish","format-standard","","category-son-dakika"],"_links":{"self":[{"href":"https:\/\/archive.sana.sy\/tr\/index.php?rest_route=\/wp\/v2\/posts\/69297","targetHints":{"allow":["GET"]}}],"collection":[{"href":"https:\/\/archive.sana.sy\/tr\/index.php?rest_route=\/wp\/v2\/posts"}],"about":[{"href":"https:\/\/archive.sana.sy\/tr\/index.php?rest_route=\/wp\/v2\/types\/post"}],"author":[{"embeddable":true,"href":"https:\/\/archive.sana.sy\/tr\/index.php?rest_route=\/wp\/v2\/users\/1"}],"replies":[{"embeddable":true,"href":"https:\/\/archive.sana.sy\/tr\/index.php?rest_route=%2Fwp%2Fv2%2Fcomments&post=69297"}],"version-history":[{"count":0,"href":"https:\/\/archive.sana.sy\/tr\/index.php?rest_route=\/wp\/v2\/posts\/69297\/revisions"}],"wp:attachment":[{"href":"https:\/\/archive.sana.sy\/tr\/index.php?rest_route=%2Fwp%2Fv2%2Fmedia&parent=69297"}],"wp:term":[{"taxonomy":"category","embeddable":true,"href":"https:\/\/archive.sana.sy\/tr\/index.php?rest_route=%2Fwp%2Fv2%2Fcategories&post=69297"},{"taxonomy":"post_tag","embeddable":true,"href":"https:\/\/archive.sana.sy\/tr\/index.php?rest_route=%2Fwp%2Fv2%2Ftags&post=69297"}],"curies":[{"name":"wp","href":"https:\/\/api.w.org\/{rel}","templated":true}]}}