{"id":69315,"date":"2016-04-16T22:00:13","date_gmt":"2016-04-16T19:00:13","guid":{"rendered":"http:\/\/sana.sy\/tr\/?p=69315"},"modified":"2016-04-17T19:20:46","modified_gmt":"2016-04-17T16:20:46","slug":"secim-sonuclari-ilan-edildi","status":"publish","type":"post","link":"https:\/\/archive.sana.sy\/tr\/?p=69315","title":{"rendered":"Se\u00e7im Sonu\u00e7lar\u0131 \u0130lan Edildi (video)"},"content":{"rendered":"<p>\u015eAM \u2013 Se\u00e7im Y\u00fcksek Yarg\u0131 Komisyonu bug\u00fcn ak\u015fam saatlerinde t\u00fcm medya ara\u00e7lar\u0131n\u0131n kat\u0131l\u0131m\u0131yla d\u00fczenledi\u011fi bas\u0131n toplant\u0131s\u0131nda, 13 Nisan \u00c7ar\u015famba g\u00fcn\u00fc yap\u0131lan Halk Meclisi se\u00e7imlerinin sonu\u00e7lar\u0131n\u0131 ilan etti.<\/p>\n<p>Bas\u0131n konferanss\u0131nda konu\u015fan komisyon ba\u015fkan\u0131 Yarg\u0131\u00e7 Hi\u015fam el \u015eear illerdeki se\u00e7im komitelerinin dakik ve \u015feffaf bir \u015fekilde yap\u0131lan oy say\u0131m\u0131 i\u015flemlerinin sona ermesi ard\u0131ndan bu sonu\u00e7lar\u0131 se\u00e7im y\u00fcksek yarg\u0131 komisyonuna aktard\u0131klar\u0131n\u0131 belirtti. \u015eear Suriye&#8217;de toplam se\u00e7men say\u0131s\u0131n\u0131n 8 milyon 834 bin 994 se\u00e7men oldu\u011funu a\u00e7\u0131klarken, bunlardan 5 milyon 85 bin 444 se\u00e7menin oy kullanma hakk\u0131n\u0131 kulland\u0131\u011f\u0131n\u0131 belirtti. Komisyon ba\u015fkan\u0131 \u015eear b\u00f6ylece Halk Meclisi se\u00e7imlerine kat\u0131l\u0131m oran\u0131n\u0131n 57,56 oldu\u011funa dikkat \u00e7ekti.<\/p>\n<p>Bas\u0131n konferans\u0131nda \u015eear t\u00fcm illerde oy say\u0131s\u0131na g\u00f6re kazanan milletvekillerinin listesini bas\u0131n mensuplar\u0131na okudu.<\/p>\n<p>Bas\u0131n mensuplar\u0131n\u0131n sorular\u0131n\u0131 cevaplayan \u015eear; se\u00e7imlerin Suriye yarg\u0131s\u0131 taraf\u0131ndan denetlenip savc\u0131l\u0131\u011f\u0131n da se\u00e7imlerin denetlenmesinde destek komiteler g\u00f6revlendirdi\u011fini ifade etti.<\/p>\n<p>Se\u00e7imlere itiraz konusunda ise Komisyon Ba\u015fkan\u0131 \u015eear, kazanmayan adaylar\u0131n anayasa gere\u011fine sonu\u00e7lar\u0131n ilan edilmesinden sonra 3 g\u00fcn s\u00fcre i\u00e7inde Y\u00fcksek Anayasa Mahkemesine itiraz dilek\u00e7esi takdim edebileceklerini a\u00e7\u0131klad\u0131.<\/p>\n<p>\u015eear ilgi sahibi herkesin de se\u00e7im y\u00fcksek yarg\u0131 komisyonu ya da illerdeki se\u00e7im komitelerini ziyaret ederek ayr\u0131nt\u0131lar ya da her aday\u0131n ald\u0131\u011f\u0131 oylara ili\u015fkin bilgi alabilece\u011fini s\u00f6ylerken, kazanan milletvekilleri listelerinin se\u00e7im y\u00fcksek yarg\u0131 komisyonu ve se\u00e7im komitelerinin web sitelerinde ilan edilece\u011fini s\u00f6zlerine ekledi.<\/p>\n<p><a href=\"https:\/\/www.youtube.com\/watch?v=Pb3EK34OuIE\" target=\"_blank\">https:\/\/www.youtube.com\/watch?v=Pb3EK34OuIE<\/a><\/p>\n<p>R.H.<\/p>\n","protected":false},"excerpt":{"rendered":"<p>\u015eAM \u2013 Se\u00e7im Y\u00fcksek Yarg\u0131 Komisyonu bug\u00fcn ak\u015fam saatlerinde t\u00fcm medya ara\u00e7lar\u0131n\u0131n kat\u0131l\u0131m\u0131yla d\u00fczenledi\u011fi bas\u0131n toplant\u0131s\u0131nda, 13 Nisan \u00c7ar\u015famba g\u00fcn\u00fc yap\u0131lan Halk Meclisi se\u00e7imlerinin sonu\u00e7lar\u0131n\u0131 ilan etti. Bas\u0131n konferanss\u0131nda konu\u015fan komisyon ba\u015fkan\u0131 Yarg\u0131\u00e7 Hi\u015fam el \u015eear illerdeki se\u00e7im komitelerinin dakik ve \u015feffaf bir \u015fekilde yap\u0131lan oy say\u0131m\u0131 i\u015flemlerinin sona ermesi ard\u0131ndan bu sonu\u00e7lar\u0131 se\u00e7im y\u00fcksek &hellip;<\/p>\n","protected":false},"author":1,"featured_media":69316,"comment_status":"closed","ping_status":"closed","sticky":false,"template":"","format":"standard","meta":{"footnotes":""},"categories":[479,17988,478],"tags":[20559],"class_list":["post-69315","post","type-post","status-publish","format-standard","has-post-thumbnail","","category-haberler-yerel","category-son-haberler","category-yerel","tag-secim-sonuclari-ilan-edildi"],"_links":{"self":[{"href":"https:\/\/archive.sana.sy\/tr\/index.php?rest_route=\/wp\/v2\/posts\/69315","targetHints":{"allow":["GET"]}}],"collection":[{"href":"https:\/\/archive.sana.sy\/tr\/index.php?rest_route=\/wp\/v2\/posts"}],"about":[{"href":"https:\/\/archive.sana.sy\/tr\/index.php?rest_route=\/wp\/v2\/types\/post"}],"author":[{"embeddable":true,"href":"https:\/\/archive.sana.sy\/tr\/index.php?rest_route=\/wp\/v2\/users\/1"}],"replies":[{"embeddable":true,"href":"https:\/\/archive.sana.sy\/tr\/index.php?rest_route=%2Fwp%2Fv2%2Fcomments&post=69315"}],"version-history":[{"count":0,"href":"https:\/\/archive.sana.sy\/tr\/index.php?rest_route=\/wp\/v2\/posts\/69315\/revisions"}],"wp:featuredmedia":[{"embeddable":true,"href":"https:\/\/archive.sana.sy\/tr\/index.php?rest_route=\/wp\/v2\/media\/69316"}],"wp:attachment":[{"href":"https:\/\/archive.sana.sy\/tr\/index.php?rest_route=%2Fwp%2Fv2%2Fmedia&parent=69315"}],"wp:term":[{"taxonomy":"category","embeddable":true,"href":"https:\/\/archive.sana.sy\/tr\/index.php?rest_route=%2Fwp%2Fv2%2Fcategories&post=69315"},{"taxonomy":"post_tag","embeddable":true,"href":"https:\/\/archive.sana.sy\/tr\/index.php?rest_route=%2Fwp%2Fv2%2Ftags&post=69315"}],"curies":[{"name":"wp","href":"https:\/\/api.w.org\/{rel}","templated":true}]}}