{"id":69326,"date":"2016-04-17T12:00:13","date_gmt":"2016-04-17T09:00:13","guid":{"rendered":"http:\/\/www.sana.sy\/tr\/?p=69326"},"modified":"2016-04-18T17:22:42","modified_gmt":"2016-04-18T14:22:42","slug":"seyh-salih-el-ali-festivali-basladi","status":"publish","type":"post","link":"https:\/\/archive.sana.sy\/tr\/?p=69326","title":{"rendered":"\u015eeyh Salih el Ali Festivali Ba\u015flad\u0131 (video)"},"content":{"rendered":"<p>TARTUS \u2013 Tartus Valili\u011finin K\u00fclt\u00fcr M\u00fcd\u00fcrl\u00fc\u011f\u00fc ve \u015eeyhbedir \u015eehir Meclisi ile i\u015fbirli\u011fi i\u00e7inde her y\u0131l d\u00fczenledi\u011fi \u015eeyh Salih el Ali Festivalinin 19. Devresini bug\u00fcn Suriye&#8217;nin Frans\u0131z i\u015fgalinden kurtulu\u015funun 70. Y\u0131ld\u00f6n\u00fcm\u00fc m\u00fcnasebetiyle ba\u015flatt\u0131.<\/p>\n<p>Tartus \u0130line tabi \u015eeyhbedir Kentinin ana meydan\u0131 \u015eeyhbedir Meydan\u0131nda ba\u015flayan festival etkinlikleri \u00e7er\u00e7evesinde k\u00fclt\u00fcrel, sanatsal, ekonomik ve halksal etkinlikler d\u00fczenleniyor. \u00dc\u00e7 g\u00fcn s\u00fcren festival etkinlikleri \u00e7er\u00e7evesinde ayr\u0131ca folklor ve el sanatlar\u0131na \u0131\u015f\u0131k tutan sergiler ve plastik sanat sergileri a\u00e7\u0131l\u0131rken, \u015fiir dinletileri ve tiyatro oyunlar\u0131 sergileniyor. Festival Cuma g\u00fcn\u00fc Amrit Grubunun konseriyle sona erecek.<\/p>\n<div id='gallery-1' class='gallery galleryid-69326 gallery-columns-3 gallery-size-medium'><figure class='gallery-item'>\n\t\t\t<div class='gallery-icon landscape'>\n\t\t\t\t<a href='https:\/\/archive.sana.sy\/tr\/wp-content\/uploads\/2016\/04\/Salih-el-Ali.jpg'><img loading=\"lazy\" decoding=\"async\" width=\"300\" height=\"200\" src=\"https:\/\/archive.sana.sy\/tr\/wp-content\/uploads\/2016\/04\/Salih-el-Ali-300x200.jpg\" class=\"attachment-medium size-medium\" alt=\"\" srcset=\"https:\/\/archive.sana.sy\/tr\/wp-content\/uploads\/2016\/04\/Salih-el-Ali-300x200.jpg 300w, https:\/\/archive.sana.sy\/tr\/wp-content\/uploads\/2016\/04\/Salih-el-Ali-150x100.jpg 150w, https:\/\/archive.sana.sy\/tr\/wp-content\/uploads\/2016\/04\/Salih-el-Ali-768x512.jpg 768w, https:\/\/archive.sana.sy\/tr\/wp-content\/uploads\/2016\/04\/Salih-el-Ali-1024x682.jpg 1024w\" sizes=\"auto, (max-width: 300px) 100vw, 300px\" \/><\/a>\n\t\t\t<\/div><\/figure><figure class='gallery-item'>\n\t\t\t<div class='gallery-icon landscape'>\n\t\t\t\t<a href='https:\/\/archive.sana.sy\/tr\/wp-content\/uploads\/2016\/04\/Salih-el-Ali-1.jpg'><img loading=\"lazy\" decoding=\"async\" width=\"300\" height=\"200\" src=\"https:\/\/archive.sana.sy\/tr\/wp-content\/uploads\/2016\/04\/Salih-el-Ali-1-300x200.jpg\" class=\"attachment-medium size-medium\" alt=\"\" srcset=\"https:\/\/archive.sana.sy\/tr\/wp-content\/uploads\/2016\/04\/Salih-el-Ali-1-300x200.jpg 300w, https:\/\/archive.sana.sy\/tr\/wp-content\/uploads\/2016\/04\/Salih-el-Ali-1-150x100.jpg 150w, https:\/\/archive.sana.sy\/tr\/wp-content\/uploads\/2016\/04\/Salih-el-Ali-1-768x512.jpg 768w, https:\/\/archive.sana.sy\/tr\/wp-content\/uploads\/2016\/04\/Salih-el-Ali-1-1024x682.jpg 1024w\" sizes=\"auto, (max-width: 300px) 100vw, 300px\" \/><\/a>\n\t\t\t<\/div><\/figure><figure class='gallery-item'>\n\t\t\t<div class='gallery-icon landscape'>\n\t\t\t\t<a href='https:\/\/archive.sana.sy\/tr\/wp-content\/uploads\/2016\/04\/Salih-el-Ali-2.jpg'><img loading=\"lazy\" decoding=\"async\" width=\"300\" height=\"200\" src=\"https:\/\/archive.sana.sy\/tr\/wp-content\/uploads\/2016\/04\/Salih-el-Ali-2-300x200.jpg\" class=\"attachment-medium size-medium\" alt=\"\" srcset=\"https:\/\/archive.sana.sy\/tr\/wp-content\/uploads\/2016\/04\/Salih-el-Ali-2-300x200.jpg 300w, https:\/\/archive.sana.sy\/tr\/wp-content\/uploads\/2016\/04\/Salih-el-Ali-2-150x100.jpg 150w, https:\/\/archive.sana.sy\/tr\/wp-content\/uploads\/2016\/04\/Salih-el-Ali-2-768x512.jpg 768w, https:\/\/archive.sana.sy\/tr\/wp-content\/uploads\/2016\/04\/Salih-el-Ali-2-1024x682.jpg 1024w\" sizes=\"auto, (max-width: 300px) 100vw, 300px\" \/><\/a>\n\t\t\t<\/div><\/figure><figure class='gallery-item'>\n\t\t\t<div class='gallery-icon landscape'>\n\t\t\t\t<a href='https:\/\/archive.sana.sy\/tr\/wp-content\/uploads\/2016\/04\/Salih-el-Ali-3.jpg'><img loading=\"lazy\" decoding=\"async\" width=\"300\" height=\"200\" src=\"https:\/\/archive.sana.sy\/tr\/wp-content\/uploads\/2016\/04\/Salih-el-Ali-3-300x200.jpg\" class=\"attachment-medium size-medium\" alt=\"\" srcset=\"https:\/\/archive.sana.sy\/tr\/wp-content\/uploads\/2016\/04\/Salih-el-Ali-3-300x200.jpg 300w, https:\/\/archive.sana.sy\/tr\/wp-content\/uploads\/2016\/04\/Salih-el-Ali-3-150x100.jpg 150w, https:\/\/archive.sana.sy\/tr\/wp-content\/uploads\/2016\/04\/Salih-el-Ali-3-768x512.jpg 768w, https:\/\/archive.sana.sy\/tr\/wp-content\/uploads\/2016\/04\/Salih-el-Ali-3-1024x682.jpg 1024w\" sizes=\"auto, (max-width: 300px) 100vw, 300px\" \/><\/a>\n\t\t\t<\/div><\/figure><figure class='gallery-item'>\n\t\t\t<div class='gallery-icon landscape'>\n\t\t\t\t<a href='https:\/\/archive.sana.sy\/tr\/wp-content\/uploads\/2016\/04\/Salih-el-Ali-4.jpg'><img loading=\"lazy\" decoding=\"async\" width=\"300\" height=\"195\" src=\"https:\/\/archive.sana.sy\/tr\/wp-content\/uploads\/2016\/04\/Salih-el-Ali-4-300x195.jpg\" class=\"attachment-medium size-medium\" alt=\"\" srcset=\"https:\/\/archive.sana.sy\/tr\/wp-content\/uploads\/2016\/04\/Salih-el-Ali-4-300x195.jpg 300w, https:\/\/archive.sana.sy\/tr\/wp-content\/uploads\/2016\/04\/Salih-el-Ali-4-150x97.jpg 150w, https:\/\/archive.sana.sy\/tr\/wp-content\/uploads\/2016\/04\/Salih-el-Ali-4-768x499.jpg 768w, https:\/\/archive.sana.sy\/tr\/wp-content\/uploads\/2016\/04\/Salih-el-Ali-4-1024x665.jpg 1024w\" sizes=\"auto, (max-width: 300px) 100vw, 300px\" \/><\/a>\n\t\t\t<\/div><\/figure><figure class='gallery-item'>\n\t\t\t<div class='gallery-icon landscape'>\n\t\t\t\t<a href='https:\/\/archive.sana.sy\/tr\/wp-content\/uploads\/2016\/04\/Salih-el-Ali-5.jpg'><img loading=\"lazy\" decoding=\"async\" width=\"300\" height=\"200\" src=\"https:\/\/archive.sana.sy\/tr\/wp-content\/uploads\/2016\/04\/Salih-el-Ali-5-300x200.jpg\" class=\"attachment-medium size-medium\" alt=\"\" srcset=\"https:\/\/archive.sana.sy\/tr\/wp-content\/uploads\/2016\/04\/Salih-el-Ali-5-300x200.jpg 300w, https:\/\/archive.sana.sy\/tr\/wp-content\/uploads\/2016\/04\/Salih-el-Ali-5-150x100.jpg 150w, https:\/\/archive.sana.sy\/tr\/wp-content\/uploads\/2016\/04\/Salih-el-Ali-5-768x512.jpg 768w, https:\/\/archive.sana.sy\/tr\/wp-content\/uploads\/2016\/04\/Salih-el-Ali-5-1024x682.jpg 1024w\" sizes=\"auto, (max-width: 300px) 100vw, 300px\" \/><\/a>\n\t\t\t<\/div><\/figure><figure class='gallery-item'>\n\t\t\t<div class='gallery-icon landscape'>\n\t\t\t\t<a href='https:\/\/archive.sana.sy\/tr\/wp-content\/uploads\/2016\/04\/Salih-el-Ali-6.jpg'><img loading=\"lazy\" decoding=\"async\" width=\"300\" height=\"200\" src=\"https:\/\/archive.sana.sy\/tr\/wp-content\/uploads\/2016\/04\/Salih-el-Ali-6-300x200.jpg\" class=\"attachment-medium size-medium\" alt=\"\" srcset=\"https:\/\/archive.sana.sy\/tr\/wp-content\/uploads\/2016\/04\/Salih-el-Ali-6-300x200.jpg 300w, https:\/\/archive.sana.sy\/tr\/wp-content\/uploads\/2016\/04\/Salih-el-Ali-6-150x100.jpg 150w, https:\/\/archive.sana.sy\/tr\/wp-content\/uploads\/2016\/04\/Salih-el-Ali-6-768x512.jpg 768w, https:\/\/archive.sana.sy\/tr\/wp-content\/uploads\/2016\/04\/Salih-el-Ali-6-1024x682.jpg 1024w\" sizes=\"auto, (max-width: 300px) 100vw, 300px\" \/><\/a>\n\t\t\t<\/div><\/figure><figure class='gallery-item'>\n\t\t\t<div class='gallery-icon landscape'>\n\t\t\t\t<a href='https:\/\/archive.sana.sy\/tr\/wp-content\/uploads\/2016\/04\/Salih-el-Ali-7.jpg'><img loading=\"lazy\" decoding=\"async\" width=\"300\" height=\"200\" src=\"https:\/\/archive.sana.sy\/tr\/wp-content\/uploads\/2016\/04\/Salih-el-Ali-7-300x200.jpg\" class=\"attachment-medium size-medium\" alt=\"\" srcset=\"https:\/\/archive.sana.sy\/tr\/wp-content\/uploads\/2016\/04\/Salih-el-Ali-7-300x200.jpg 300w, https:\/\/archive.sana.sy\/tr\/wp-content\/uploads\/2016\/04\/Salih-el-Ali-7-150x100.jpg 150w, https:\/\/archive.sana.sy\/tr\/wp-content\/uploads\/2016\/04\/Salih-el-Ali-7-768x512.jpg 768w, https:\/\/archive.sana.sy\/tr\/wp-content\/uploads\/2016\/04\/Salih-el-Ali-7-1024x682.jpg 1024w\" sizes=\"auto, (max-width: 300px) 100vw, 300px\" \/><\/a>\n\t\t\t<\/div><\/figure>\n\t\t<\/div>\n\n<p>https:\/\/www.youtube.com\/watch?v=9Ph66E86tiI<\/p>\n","protected":false},"excerpt":{"rendered":"<p>TARTUS \u2013 Tartus Valili\u011finin K\u00fclt\u00fcr M\u00fcd\u00fcrl\u00fc\u011f\u00fc ve \u015eeyhbedir \u015eehir Meclisi ile i\u015fbirli\u011fi i\u00e7inde her y\u0131l d\u00fczenledi\u011fi \u015eeyh Salih el Ali Festivalinin 19. Devresini bug\u00fcn Suriye&#8217;nin Frans\u0131z i\u015fgalinden kurtulu\u015funun 70. Y\u0131ld\u00f6n\u00fcm\u00fc m\u00fcnasebetiyle ba\u015flatt\u0131. Tartus \u0130line tabi \u015eeyhbedir Kentinin ana meydan\u0131 \u015eeyhbedir Meydan\u0131nda ba\u015flayan festival etkinlikleri \u00e7er\u00e7evesinde k\u00fclt\u00fcrel, sanatsal, ekonomik ve halksal etkinlikler d\u00fczenleniyor. \u00dc\u00e7 g\u00fcn s\u00fcren &hellip;<\/p>\n","protected":false},"author":1,"featured_media":69346,"comment_status":"closed","ping_status":"closed","sticky":false,"template":"","format":"standard","meta":{"footnotes":""},"categories":[596,516,479,511,17988,2553,478],"tags":[20568],"class_list":["post-69326","post","type-post","status-publish","format-standard","has-post-thumbnail","","category-fotografli-raporlar","category-haberler-kultur-ve-sanat","category-haberler-yerel","category-kultur-ve-sanat","category-son-haberler","category-turizm","category-yerel","tag-seyh-salih-el-ali-festivali-basladi"],"_links":{"self":[{"href":"https:\/\/archive.sana.sy\/tr\/index.php?rest_route=\/wp\/v2\/posts\/69326","targetHints":{"allow":["GET"]}}],"collection":[{"href":"https:\/\/archive.sana.sy\/tr\/index.php?rest_route=\/wp\/v2\/posts"}],"about":[{"href":"https:\/\/archive.sana.sy\/tr\/index.php?rest_route=\/wp\/v2\/types\/post"}],"author":[{"embeddable":true,"href":"https:\/\/archive.sana.sy\/tr\/index.php?rest_route=\/wp\/v2\/users\/1"}],"replies":[{"embeddable":true,"href":"https:\/\/archive.sana.sy\/tr\/index.php?rest_route=%2Fwp%2Fv2%2Fcomments&post=69326"}],"version-history":[{"count":0,"href":"https:\/\/archive.sana.sy\/tr\/index.php?rest_route=\/wp\/v2\/posts\/69326\/revisions"}],"wp:featuredmedia":[{"embeddable":true,"href":"https:\/\/archive.sana.sy\/tr\/index.php?rest_route=\/wp\/v2\/media\/69346"}],"wp:attachment":[{"href":"https:\/\/archive.sana.sy\/tr\/index.php?rest_route=%2Fwp%2Fv2%2Fmedia&parent=69326"}],"wp:term":[{"taxonomy":"category","embeddable":true,"href":"https:\/\/archive.sana.sy\/tr\/index.php?rest_route=%2Fwp%2Fv2%2Fcategories&post=69326"},{"taxonomy":"post_tag","embeddable":true,"href":"https:\/\/archive.sana.sy\/tr\/index.php?rest_route=%2Fwp%2Fv2%2Ftags&post=69326"}],"curies":[{"name":"wp","href":"https:\/\/api.w.org\/{rel}","templated":true}]}}