{"id":69387,"date":"2016-04-17T12:25:00","date_gmt":"2016-04-17T09:25:00","guid":{"rendered":"http:\/\/sana.sy\/tr\/?p=69387"},"modified":"2016-04-18T17:19:56","modified_gmt":"2016-04-18T14:19:56","slug":"husn-kalesinde-kulturel-faaliyet-duzenlendi","status":"publish","type":"post","link":"https:\/\/archive.sana.sy\/tr\/?p=69387","title":{"rendered":"Husn Kalesinde K\u00fclt\u00fcrel Faaliyet D\u00fczenlendi"},"content":{"rendered":"<p>HOMS \u2013 Suriye \u0130zcilik ve Belgeleme Cemiyeti Suriye&#8217;nin Frans\u0131z i\u015fgalinden kurtulmas\u0131n\u0131n 70. Y\u0131ld\u00f6n\u00fcm\u00fc ve cemiyetin 8. Kurulu\u015f y\u0131ld\u00f6n\u00fcm\u00fc m\u00fcnasebetiyle bug\u00fcn Turizm Bakanl\u0131\u011f\u0131 ile i\u015fbirli\u011fi i\u00e7inde Homs k\u0131rsal\u0131nda bulunan Husn Kalesinde k\u00fclt\u00fcrel ve sanatsal etkinlikler d\u00fczenledi.<\/p>\n<p>Etkinlik kat\u0131l\u0131mc\u0131lar\u0131 bu gibi faaliyetlerin Suriye&#8217;nin sahip oldu\u011fu tarihi eserlere dikkat \u00e7ekmek oldu\u011funu ifade ederken, bu etkinlikte uzun s\u00fcredir sahadan uzak tutulan Husn Kalesine yeniden hayat verildi\u011fine i\u015faret etti.<\/p>\n<p>Bu arada cemiyet s\u00fcrekli olarak Suriye&#8217;nin tarihi eserlerine \u0131\u015f\u0131k tutan ve toplumu bu konuda ayd\u0131nlatan k\u00fclt\u00fcrel ve sanatsal etkinlikler d\u00fczenliyor.<\/p>\n<div id='gallery-1' class='gallery galleryid-69387 gallery-columns-2 gallery-size-medium'><figure class='gallery-item'>\n\t\t\t<div class='gallery-icon landscape'>\n\t\t\t\t<a href='https:\/\/archive.sana.sy\/tr\/wp-content\/uploads\/2016\/04\/Husn-kalesi-2.jpg'><img loading=\"lazy\" decoding=\"async\" width=\"300\" height=\"169\" src=\"https:\/\/archive.sana.sy\/tr\/wp-content\/uploads\/2016\/04\/Husn-kalesi-2-300x169.jpg\" class=\"attachment-medium size-medium\" alt=\"\" srcset=\"https:\/\/archive.sana.sy\/tr\/wp-content\/uploads\/2016\/04\/Husn-kalesi-2-300x169.jpg 300w, https:\/\/archive.sana.sy\/tr\/wp-content\/uploads\/2016\/04\/Husn-kalesi-2-150x84.jpg 150w, https:\/\/archive.sana.sy\/tr\/wp-content\/uploads\/2016\/04\/Husn-kalesi-2-768x431.jpg 768w, https:\/\/archive.sana.sy\/tr\/wp-content\/uploads\/2016\/04\/Husn-kalesi-2-1024x575.jpg 1024w, https:\/\/archive.sana.sy\/tr\/wp-content\/uploads\/2016\/04\/Husn-kalesi-2.jpg 1280w\" sizes=\"auto, (max-width: 300px) 100vw, 300px\" \/><\/a>\n\t\t\t<\/div><\/figure><figure class='gallery-item'>\n\t\t\t<div class='gallery-icon landscape'>\n\t\t\t\t<a href='https:\/\/archive.sana.sy\/tr\/wp-content\/uploads\/2016\/04\/Husn-kalesi-1.jpg'><img loading=\"lazy\" decoding=\"async\" width=\"300\" height=\"169\" src=\"https:\/\/archive.sana.sy\/tr\/wp-content\/uploads\/2016\/04\/Husn-kalesi-1-300x169.jpg\" class=\"attachment-medium size-medium\" alt=\"\" srcset=\"https:\/\/archive.sana.sy\/tr\/wp-content\/uploads\/2016\/04\/Husn-kalesi-1-300x169.jpg 300w, https:\/\/archive.sana.sy\/tr\/wp-content\/uploads\/2016\/04\/Husn-kalesi-1-150x84.jpg 150w, https:\/\/archive.sana.sy\/tr\/wp-content\/uploads\/2016\/04\/Husn-kalesi-1-768x431.jpg 768w, https:\/\/archive.sana.sy\/tr\/wp-content\/uploads\/2016\/04\/Husn-kalesi-1-1024x575.jpg 1024w, https:\/\/archive.sana.sy\/tr\/wp-content\/uploads\/2016\/04\/Husn-kalesi-1.jpg 1280w\" sizes=\"auto, (max-width: 300px) 100vw, 300px\" \/><\/a>\n\t\t\t<\/div><\/figure>\n\t\t<\/div>\n\n","protected":false},"excerpt":{"rendered":"<p>HOMS \u2013 Suriye \u0130zcilik ve Belgeleme Cemiyeti Suriye&#8217;nin Frans\u0131z i\u015fgalinden kurtulmas\u0131n\u0131n 70. Y\u0131ld\u00f6n\u00fcm\u00fc ve cemiyetin 8. Kurulu\u015f y\u0131ld\u00f6n\u00fcm\u00fc m\u00fcnasebetiyle bug\u00fcn Turizm Bakanl\u0131\u011f\u0131 ile i\u015fbirli\u011fi i\u00e7inde Homs k\u0131rsal\u0131nda bulunan Husn Kalesinde k\u00fclt\u00fcrel ve sanatsal etkinlikler d\u00fczenledi. Etkinlik kat\u0131l\u0131mc\u0131lar\u0131 bu gibi faaliyetlerin Suriye&#8217;nin sahip oldu\u011fu tarihi eserlere dikkat \u00e7ekmek oldu\u011funu ifade ederken, bu etkinlikte uzun s\u00fcredir sahadan &hellip;<\/p>\n","protected":false},"author":1,"featured_media":69388,"comment_status":"closed","ping_status":"closed","sticky":false,"template":"","format":"standard","meta":{"footnotes":""},"categories":[516,479,511,17988,478],"tags":[],"class_list":["post-69387","post","type-post","status-publish","format-standard","has-post-thumbnail","","category-haberler-kultur-ve-sanat","category-haberler-yerel","category-kultur-ve-sanat","category-son-haberler","category-yerel"],"_links":{"self":[{"href":"https:\/\/archive.sana.sy\/tr\/index.php?rest_route=\/wp\/v2\/posts\/69387","targetHints":{"allow":["GET"]}}],"collection":[{"href":"https:\/\/archive.sana.sy\/tr\/index.php?rest_route=\/wp\/v2\/posts"}],"about":[{"href":"https:\/\/archive.sana.sy\/tr\/index.php?rest_route=\/wp\/v2\/types\/post"}],"author":[{"embeddable":true,"href":"https:\/\/archive.sana.sy\/tr\/index.php?rest_route=\/wp\/v2\/users\/1"}],"replies":[{"embeddable":true,"href":"https:\/\/archive.sana.sy\/tr\/index.php?rest_route=%2Fwp%2Fv2%2Fcomments&post=69387"}],"version-history":[{"count":0,"href":"https:\/\/archive.sana.sy\/tr\/index.php?rest_route=\/wp\/v2\/posts\/69387\/revisions"}],"wp:featuredmedia":[{"embeddable":true,"href":"https:\/\/archive.sana.sy\/tr\/index.php?rest_route=\/wp\/v2\/media\/69388"}],"wp:attachment":[{"href":"https:\/\/archive.sana.sy\/tr\/index.php?rest_route=%2Fwp%2Fv2%2Fmedia&parent=69387"}],"wp:term":[{"taxonomy":"category","embeddable":true,"href":"https:\/\/archive.sana.sy\/tr\/index.php?rest_route=%2Fwp%2Fv2%2Fcategories&post=69387"},{"taxonomy":"post_tag","embeddable":true,"href":"https:\/\/archive.sana.sy\/tr\/index.php?rest_route=%2Fwp%2Fv2%2Ftags&post=69387"}],"curies":[{"name":"wp","href":"https:\/\/api.w.org\/{rel}","templated":true}]}}