{"id":6939,"date":"2014-08-10T14:51:42","date_gmt":"2014-08-10T11:51:42","guid":{"rendered":"http:\/\/www.sana.sy\/tr\/?p=6939"},"modified":"2014-08-10T14:51:42","modified_gmt":"2014-08-10T11:51:42","slug":"teroristler-suveydada-hizmetteki-su-kuyusunu-sabote-ettiler","status":"publish","type":"post","link":"https:\/\/archive.sana.sy\/tr\/?p=6939","title":{"rendered":"Ter\u00f6ristler Suveyda\u2019da Hizmetteki Su Kuyusunu Sabote Ettiler"},"content":{"rendered":"<p>SUVEYDA \u2013 Vatanda\u015flar ve alt yap\u0131lara y\u00f6nelik tekrarlana gelen sald\u0131r\u0131lar\u0131 \u00e7er\u00e7evesinde ter\u00f6rist bir grup d\u00fcn gece biri Dera iliyle s\u0131n\u0131rda bulunan di\u011feri ise kentin d\u0131\u015f s\u0131n\u0131r\u0131na yak\u0131n iki su kuyusuna y\u00f6nelik d\u00fczenledi\u011fi ter\u00f6r sald\u0131r\u0131s\u0131 sonucunda iki vatanda\u015f \u015fehit d\u00fc\u015ft\u00fc olay yerinde de maddi hasarlara yol a\u00e7t\u0131.<\/p>\n<p>Kentte \u0130l Emniyet M\u00fcd\u00fcrl\u00fc\u011f\u00fc kayna\u011f\u0131 SANA muhabirine a\u00e7\u0131klamas\u0131nda, silahl\u0131 bir ter\u00f6r grubunun d\u00fcn gece kentin kuzeyindeki Halidiye K\u00f6y\u00fcnde bir su kuyusuna sald\u0131rmas\u0131 sonucunda kurum \u00e7al\u0131\u015fanlar\u0131ndan bir i\u015f\u00e7inin yan\u0131 s\u0131ra bir vatanda\u015f\u0131n daha \u015fehit d\u00fc\u015ft\u00fc\u011f\u00fcn\u00fc belirtti.<\/p>\n<p>Kaynak, bir di\u011fer ter\u00f6r grubunun Suveyda Dera s\u0131n\u0131rlar\u0131 aras\u0131nda kalan Ureyka \u2013 Dama yolu \u00fczerindeki i\u00e7me suyu kuyusundaki elektrik trafosunu havaya u\u00e7urmalar\u0131 sonucunda b\u00fcy\u00fck maddi zararlara yol a\u00e7t\u0131\u011f\u0131n\u0131 ve kuyunun hizmetten \u00e7\u0131kmas\u0131na neden oldu\u011funu s\u00f6yledi.<\/p>\n","protected":false},"excerpt":{"rendered":"<p>SUVEYDA \u2013 Vatanda\u015flar ve alt yap\u0131lara y\u00f6nelik tekrarlana gelen sald\u0131r\u0131lar\u0131 \u00e7er\u00e7evesinde ter\u00f6rist bir grup d\u00fcn gece biri Dera iliyle s\u0131n\u0131rda bulunan di\u011feri ise kentin d\u0131\u015f s\u0131n\u0131r\u0131na yak\u0131n iki su kuyusuna y\u00f6nelik d\u00fczenledi\u011fi ter\u00f6r sald\u0131r\u0131s\u0131 sonucunda iki vatanda\u015f \u015fehit d\u00fc\u015ft\u00fc olay yerinde de maddi hasarlara yol a\u00e7t\u0131. Kentte \u0130l Emniyet M\u00fcd\u00fcrl\u00fc\u011f\u00fc kayna\u011f\u0131 SANA muhabirine a\u00e7\u0131klamas\u0131nda, silahl\u0131 &hellip;<\/p>\n","protected":false},"author":1,"featured_media":6940,"comment_status":"closed","ping_status":"closed","sticky":false,"template":"","format":"standard","meta":{"footnotes":""},"categories":[479,575,478],"tags":[1555],"class_list":["post-6939","post","type-post","status-publish","format-standard","has-post-thumbnail","","category-haberler-yerel","category-olaylar-ve-gercekler","category-yerel","tag-teroristler-suveydada-hizmetteki-su-kuyusunu-sabote-ettiler"],"_links":{"self":[{"href":"https:\/\/archive.sana.sy\/tr\/index.php?rest_route=\/wp\/v2\/posts\/6939","targetHints":{"allow":["GET"]}}],"collection":[{"href":"https:\/\/archive.sana.sy\/tr\/index.php?rest_route=\/wp\/v2\/posts"}],"about":[{"href":"https:\/\/archive.sana.sy\/tr\/index.php?rest_route=\/wp\/v2\/types\/post"}],"author":[{"embeddable":true,"href":"https:\/\/archive.sana.sy\/tr\/index.php?rest_route=\/wp\/v2\/users\/1"}],"replies":[{"embeddable":true,"href":"https:\/\/archive.sana.sy\/tr\/index.php?rest_route=%2Fwp%2Fv2%2Fcomments&post=6939"}],"version-history":[{"count":0,"href":"https:\/\/archive.sana.sy\/tr\/index.php?rest_route=\/wp\/v2\/posts\/6939\/revisions"}],"wp:featuredmedia":[{"embeddable":true,"href":"https:\/\/archive.sana.sy\/tr\/index.php?rest_route=\/wp\/v2\/media\/6940"}],"wp:attachment":[{"href":"https:\/\/archive.sana.sy\/tr\/index.php?rest_route=%2Fwp%2Fv2%2Fmedia&parent=6939"}],"wp:term":[{"taxonomy":"category","embeddable":true,"href":"https:\/\/archive.sana.sy\/tr\/index.php?rest_route=%2Fwp%2Fv2%2Fcategories&post=6939"},{"taxonomy":"post_tag","embeddable":true,"href":"https:\/\/archive.sana.sy\/tr\/index.php?rest_route=%2Fwp%2Fv2%2Ftags&post=6939"}],"curies":[{"name":"wp","href":"https:\/\/api.w.org\/{rel}","templated":true}]}}