{"id":6943,"date":"2014-08-10T15:10:18","date_gmt":"2014-08-10T12:10:18","guid":{"rendered":"http:\/\/www.sana.sy\/tr\/?p=6943"},"modified":"2014-08-10T15:59:31","modified_gmt":"2014-08-10T12:59:31","slug":"gaddarlar-masum-sivilleri-hedef-almaya-devam-ediyor","status":"publish","type":"post","link":"https:\/\/archive.sana.sy\/tr\/?p=6943","title":{"rendered":"Gaddarlar Masum Sivilleri Hedef Almaya Devam Ediyor"},"content":{"rendered":"<p>HASEKE \u2013 Say\u0131 ve te\u00e7hizatlar\u0131yla a\u011f\u0131r kay\u0131plar vermeye devam eden hain ve tekfirci ter\u00f6r \u00e7eteleri masum sivilleri hedef almaya devam ediyor.<\/p>\n<p><span style=\"color: #0000ff\">Haseke\u2019de Yol Kenar\u0131na Bomba Yerle\u015ftirdiler<\/span><\/p>\n<p>Haseke \u0130l Emniyet M\u00fcd\u00fcrl\u00fc\u011f\u00fcnde bir kaynak gaddar ter\u00f6ristlerin bug\u00fcn Haseke Kentinin el Ne\u015fva Semtinde yol kenar\u0131na bomba koyduklar\u0131n\u0131 s\u00f6yledi.<\/p>\n<p>Kaynak bomban\u0131n patlamas\u0131 sonucunda yoldan ge\u00e7en iki sivil vatanda\u015f\u0131n yaraland\u0131\u011f\u0131n\u0131 aktar\u0131rken, yaral\u0131lar\u0131n tedavi i\u00e7in hastaneye kald\u0131r\u0131ld\u0131klar\u0131n\u0131 ifade etti.<\/p>\n<p>\u00d6te yandan Haseke Valili\u011finde bir kaynak ter\u00f6ristlerin Haseke Kentinin Bat\u0131s\u0131na d\u00fc\u015fen Tel Hacer Semtini iki havan mermisiyle hedef ald\u0131klar\u0131n\u0131 aktar\u0131rken, bunun sonucunda kimi vatanda\u015flar\u0131n yaraland\u0131\u011f\u0131n\u0131, evlerinin de zarar g\u00f6rd\u00fc\u011f\u00fcn\u00fc belirtti.<\/p>\n","protected":false},"excerpt":{"rendered":"<p>HASEKE \u2013 Say\u0131 ve te\u00e7hizatlar\u0131yla a\u011f\u0131r kay\u0131plar vermeye devam eden hain ve tekfirci ter\u00f6r \u00e7eteleri masum sivilleri hedef almaya devam ediyor. Haseke\u2019de Yol Kenar\u0131na Bomba Yerle\u015ftirdiler Haseke \u0130l Emniyet M\u00fcd\u00fcrl\u00fc\u011f\u00fcnde bir kaynak gaddar ter\u00f6ristlerin bug\u00fcn Haseke Kentinin el Ne\u015fva Semtinde yol kenar\u0131na bomba koyduklar\u0131n\u0131 s\u00f6yledi. Kaynak bomban\u0131n patlamas\u0131 sonucunda yoldan ge\u00e7en iki sivil vatanda\u015f\u0131n yaraland\u0131\u011f\u0131n\u0131 &hellip;<\/p>\n","protected":false},"author":1,"featured_media":6944,"comment_status":"closed","ping_status":"closed","sticky":false,"template":"","format":"standard","meta":{"footnotes":""},"categories":[479,575,478],"tags":[1556],"class_list":["post-6943","post","type-post","status-publish","format-standard","has-post-thumbnail","","category-haberler-yerel","category-olaylar-ve-gercekler","category-yerel","tag-gaddarlar-masum-sivilleri-hedef-almaya-devam-ediyor"],"_links":{"self":[{"href":"https:\/\/archive.sana.sy\/tr\/index.php?rest_route=\/wp\/v2\/posts\/6943","targetHints":{"allow":["GET"]}}],"collection":[{"href":"https:\/\/archive.sana.sy\/tr\/index.php?rest_route=\/wp\/v2\/posts"}],"about":[{"href":"https:\/\/archive.sana.sy\/tr\/index.php?rest_route=\/wp\/v2\/types\/post"}],"author":[{"embeddable":true,"href":"https:\/\/archive.sana.sy\/tr\/index.php?rest_route=\/wp\/v2\/users\/1"}],"replies":[{"embeddable":true,"href":"https:\/\/archive.sana.sy\/tr\/index.php?rest_route=%2Fwp%2Fv2%2Fcomments&post=6943"}],"version-history":[{"count":0,"href":"https:\/\/archive.sana.sy\/tr\/index.php?rest_route=\/wp\/v2\/posts\/6943\/revisions"}],"wp:featuredmedia":[{"embeddable":true,"href":"https:\/\/archive.sana.sy\/tr\/index.php?rest_route=\/wp\/v2\/media\/6944"}],"wp:attachment":[{"href":"https:\/\/archive.sana.sy\/tr\/index.php?rest_route=%2Fwp%2Fv2%2Fmedia&parent=6943"}],"wp:term":[{"taxonomy":"category","embeddable":true,"href":"https:\/\/archive.sana.sy\/tr\/index.php?rest_route=%2Fwp%2Fv2%2Fcategories&post=6943"},{"taxonomy":"post_tag","embeddable":true,"href":"https:\/\/archive.sana.sy\/tr\/index.php?rest_route=%2Fwp%2Fv2%2Ftags&post=6943"}],"curies":[{"name":"wp","href":"https:\/\/api.w.org\/{rel}","templated":true}]}}