{"id":69446,"date":"2016-04-17T14:09:36","date_gmt":"2016-04-17T11:09:36","guid":{"rendered":"http:\/\/sana.sy\/tr\/?p=69446"},"modified":"2016-04-18T16:50:10","modified_gmt":"2016-04-18T13:50:10","slug":"sivillere-yonelik-saldirilarda-9-sehit","status":"publish","type":"post","link":"https:\/\/archive.sana.sy\/tr\/?p=69446","title":{"rendered":"Sivillere Y\u00f6nelik Sald\u0131r\u0131larda 9 \u015eehit"},"content":{"rendered":"<p>\u0130LLER \u2013 Erdo\u011fan ve Al Suud rejimlerinin destekleyip y\u00f6nlendirdikleri tekfirci ter\u00f6ristler bug\u00fcn de Halep ve \u0130dlb\u2019te sivil yerle\u015fim alanlar\u0131n\u0131 geli\u015fig\u00fczel f\u00fcze sald\u0131r\u0131lar\u0131 ve keskin ni\u015fanc\u0131 silahlar\u0131yla hedef ald\u0131.<\/p>\n<p>SANA muhabiri Erdo\u011fan ve Al Suud rejimlerine tabi ter\u00f6ristlerin Halep Kentinin sivil yerle\u015fim alanlar\u0131n\u0131 geli\u015fig\u00fczel f\u00fcze sald\u0131r\u0131lar\u0131 ve keskin ni\u015fanc\u0131 silahlar\u0131yla hedef almalar\u0131 sonucunda bug\u00fcn savunmas\u0131z sivil insanlardan aralar\u0131nda \u00e7ocuk ve kad\u0131nlar\u0131n bulundu\u011fu 8 vatanda\u015f\u0131n \u015fehit, bir\u00e7ok vatanda\u015f\u0131n da yaral\u0131 d\u00fc\u015ft\u00fcklerini belirtti.<\/p>\n<p>\u0130dlib k\u0131rsal\u0131n\u0131n Kefrayya ve Fua beldelerinde yerel kaynaklar ise yine Erdo\u011fan ve Al Suud rejimlerinin destek ve komutas\u0131nda ter\u00f6r estiren tekfirci ter\u00f6ristlerin geli\u015fig\u00fczel f\u00fcze sald\u0131r\u0131lar\u0131 sonucunda 1 vatanda\u015f\u0131n \u015fehit, 4 vatanda\u015f\u0131n da yaral\u0131 d\u00fc\u015ft\u00fcklerini ifade etti.<\/p>\n","protected":false},"excerpt":{"rendered":"<p>\u0130LLER \u2013 Erdo\u011fan ve Al Suud rejimlerinin destekleyip y\u00f6nlendirdikleri tekfirci ter\u00f6ristler bug\u00fcn de Halep ve \u0130dlb\u2019te sivil yerle\u015fim alanlar\u0131n\u0131 geli\u015fig\u00fczel f\u00fcze sald\u0131r\u0131lar\u0131 ve keskin ni\u015fanc\u0131 silahlar\u0131yla hedef ald\u0131. SANA muhabiri Erdo\u011fan ve Al Suud rejimlerine tabi ter\u00f6ristlerin Halep Kentinin sivil yerle\u015fim alanlar\u0131n\u0131 geli\u015fig\u00fczel f\u00fcze sald\u0131r\u0131lar\u0131 ve keskin ni\u015fanc\u0131 silahlar\u0131yla hedef almalar\u0131 sonucunda bug\u00fcn savunmas\u0131z sivil &hellip;<\/p>\n","protected":false},"author":1,"featured_media":69447,"comment_status":"closed","ping_status":"closed","sticky":false,"template":"","format":"standard","meta":{"footnotes":""},"categories":[575,17988],"tags":[],"class_list":["post-69446","post","type-post","status-publish","format-standard","has-post-thumbnail","","category-olaylar-ve-gercekler","category-son-haberler"],"_links":{"self":[{"href":"https:\/\/archive.sana.sy\/tr\/index.php?rest_route=\/wp\/v2\/posts\/69446","targetHints":{"allow":["GET"]}}],"collection":[{"href":"https:\/\/archive.sana.sy\/tr\/index.php?rest_route=\/wp\/v2\/posts"}],"about":[{"href":"https:\/\/archive.sana.sy\/tr\/index.php?rest_route=\/wp\/v2\/types\/post"}],"author":[{"embeddable":true,"href":"https:\/\/archive.sana.sy\/tr\/index.php?rest_route=\/wp\/v2\/users\/1"}],"replies":[{"embeddable":true,"href":"https:\/\/archive.sana.sy\/tr\/index.php?rest_route=%2Fwp%2Fv2%2Fcomments&post=69446"}],"version-history":[{"count":0,"href":"https:\/\/archive.sana.sy\/tr\/index.php?rest_route=\/wp\/v2\/posts\/69446\/revisions"}],"wp:featuredmedia":[{"embeddable":true,"href":"https:\/\/archive.sana.sy\/tr\/index.php?rest_route=\/wp\/v2\/media\/69447"}],"wp:attachment":[{"href":"https:\/\/archive.sana.sy\/tr\/index.php?rest_route=%2Fwp%2Fv2%2Fmedia&parent=69446"}],"wp:term":[{"taxonomy":"category","embeddable":true,"href":"https:\/\/archive.sana.sy\/tr\/index.php?rest_route=%2Fwp%2Fv2%2Fcategories&post=69446"},{"taxonomy":"post_tag","embeddable":true,"href":"https:\/\/archive.sana.sy\/tr\/index.php?rest_route=%2Fwp%2Fv2%2Ftags&post=69446"}],"curies":[{"name":"wp","href":"https:\/\/api.w.org\/{rel}","templated":true}]}}