{"id":69451,"date":"2016-04-17T21:00:09","date_gmt":"2016-04-17T18:00:09","guid":{"rendered":"http:\/\/www.sana.sy\/tr\/?p=69451"},"modified":"2016-04-18T17:17:15","modified_gmt":"2016-04-18T14:17:15","slug":"savunma-bakani-freyc-askerleri-ziyaret-etti","status":"publish","type":"post","link":"https:\/\/archive.sana.sy\/tr\/?p=69451","title":{"rendered":"Savunma bakan\u0131 Freyc Askerleri Ziyaret Etti (video)"},"content":{"rendered":"<p>\u015eAM \u2013 Ordu ve Silahl\u0131 Kuvvetler Genel Komutan Yard\u0131mc\u0131s\u0131 ve Savunma Bakan\u0131 Korgeneral Fahd Casim el Freyc; Suriye&#8217;nin Frans\u0131z i\u015fgalinden kurtulu\u015funun 70. Y\u0131ld\u00f6n\u00fcm\u00fc m\u00fcnasebetiyle Cumhurba\u015fkan\u0131 Be\u015f\u015far el Esad\u2019\u0131n y\u00f6nlendirmeleri \u00fczerine vatan koruyucular\u0131 ordu birliklerimizin bir te\u015fkilat\u0131na saha gezisinde bulundu.<\/p>\n<p>Ordu ve Silahl\u0131 Kuvvetler Genel Komutanl\u0131\u011f\u0131nda \u00fcst r\u00fctbeli subaylar\u0131n e\u015fli\u011finde ger\u00e7ekle\u015fen saha ziyaretinde Korgeneral Frreyc kahraman askerlerimize iyi dileklerde bulunurken, kutsal g\u00f6revlerinde ba\u015far\u0131 temennilerinde de bulundu. Savunma Bakan\u0131 Freyc el Esad\u2019\u0131n da iyi dileklerini askerlere iletirken, Suriye ve halk\u0131n\u0131 savunmada g\u00f6sterdikleri kahramanl\u0131k ve bulunduklar\u0131 fedakarl\u0131klar\u0131n takdire \u015fayan buldu\u011funu aktard\u0131.<\/p>\n<p>70 y\u0131l \u00f6nce \u015fanl\u0131 bir m\u00fccadeleyle Frans\u0131z i\u015fgali ve s\u00f6m\u00fcr\u00fcs\u00fcn\u00fc vatan topraklar\u0131ndan defeden Suriye ve halk\u0131n\u0131n bug\u00fcn de s\u00f6m\u00fcr\u00fc ve hegemonya planlar\u0131n\u0131 \u00e7\u00f6kertip kiral\u0131k ve tekfirci edatlar\u0131n\u0131 kutsal vatan topraklar\u0131ndan defedece\u011fini ifade eden Savunma Bakan\u0131 Freyc; Suriye halk\u0131n\u0131n ulusal birlik beraberlik ve egemenli\u011fe ba\u011fl\u0131l\u0131\u011f\u0131yla birlikte d\u00fc\u015fmana kar\u015f\u0131 ordusunun etraf\u0131nda kenetlenmesiyle d\u00fcnyaya model te\u015fkil etti\u011fini s\u00f6yledi.<\/p>\n<p>Vatan koruyucular\u0131 askerlerimiz ise atalar\u0131m\u0131z\u0131n pak kanlar\u0131yla s\u00f6m\u00fcr\u00fc ve i\u015fgalden kurtar\u0131p egemenli\u011fini sa\u011flad\u0131\u011f\u0131 vatan topraklar\u0131n\u0131 savunma azim ve morallerinin her zamandan daha y\u00fcksek oldu\u011funu belirtti.<\/p>\n<p>Bu arada ordu ve silahl\u0131 kuvvetlerimiz bug\u00fcn vatan topraklar\u0131n\u0131n Frans\u0131z i\u015fgalinden kurtulu\u015funun 70. Y\u0131ld\u00f6n\u00fcm\u00fcn\u00fc askeri k\u0131\u015flalarda d\u00fczenledikleri etkinliklerle kutlad\u0131lar. Etkinliklerde askeri ve spor sunumlar\u0131 takdim edilirken, miting konu\u015fmalar\u0131nda ise bu g\u00fcn\u00fcn anlam ve \u00f6zelli\u011fine \u0131\u015f\u0131k tutuldu.<\/p>\n<p>Ordu bandosu ise Emeviler Meydan\u0131nda ulusal mar\u015f\u0131 \u00e7almas\u0131 ard\u0131ndan askeri ve ulusal mar\u015flar \u00e7ald\u0131.<\/p>\n<div id='gallery-1' class='gallery galleryid-69451 gallery-columns-3 gallery-size-medium'><figure class='gallery-item'>\n\t\t\t<div class='gallery-icon landscape'>\n\t\t\t\t<a href='https:\/\/archive.sana.sy\/tr\/wp-content\/uploads\/2016\/04\/\u0627\u0644\u0639\u0645\u0627\u062f-\u0641\u0631\u064a\u062c-1-1.jpg'><img loading=\"lazy\" decoding=\"async\" width=\"300\" height=\"182\" src=\"https:\/\/archive.sana.sy\/tr\/wp-content\/uploads\/2016\/04\/\u0627\u0644\u0639\u0645\u0627\u062f-\u0641\u0631\u064a\u062c-1-1-300x182.jpg\" class=\"attachment-medium size-medium\" alt=\"\" srcset=\"https:\/\/archive.sana.sy\/tr\/wp-content\/uploads\/2016\/04\/\u0627\u0644\u0639\u0645\u0627\u062f-\u0641\u0631\u064a\u062c-1-1-300x182.jpg 300w, https:\/\/archive.sana.sy\/tr\/wp-content\/uploads\/2016\/04\/\u0627\u0644\u0639\u0645\u0627\u062f-\u0641\u0631\u064a\u062c-1-1-150x91.jpg 150w, https:\/\/archive.sana.sy\/tr\/wp-content\/uploads\/2016\/04\/\u0627\u0644\u0639\u0645\u0627\u062f-\u0641\u0631\u064a\u062c-1-1-768x465.jpg 768w, https:\/\/archive.sana.sy\/tr\/wp-content\/uploads\/2016\/04\/\u0627\u0644\u0639\u0645\u0627\u062f-\u0641\u0631\u064a\u062c-1-1-1024x621.jpg 1024w\" sizes=\"auto, (max-width: 300px) 100vw, 300px\" \/><\/a>\n\t\t\t<\/div><\/figure><figure class='gallery-item'>\n\t\t\t<div class='gallery-icon landscape'>\n\t\t\t\t<a href='https:\/\/archive.sana.sy\/tr\/wp-content\/uploads\/2016\/04\/\u0627\u0644\u0639\u0645\u0627\u062f-\u0641\u0631\u064a\u062c-2.jpg'><img loading=\"lazy\" decoding=\"async\" width=\"300\" height=\"187\" src=\"https:\/\/archive.sana.sy\/tr\/wp-content\/uploads\/2016\/04\/\u0627\u0644\u0639\u0645\u0627\u062f-\u0641\u0631\u064a\u062c-2-300x187.jpg\" class=\"attachment-medium size-medium\" alt=\"\" srcset=\"https:\/\/archive.sana.sy\/tr\/wp-content\/uploads\/2016\/04\/\u0627\u0644\u0639\u0645\u0627\u062f-\u0641\u0631\u064a\u062c-2-300x187.jpg 300w, https:\/\/archive.sana.sy\/tr\/wp-content\/uploads\/2016\/04\/\u0627\u0644\u0639\u0645\u0627\u062f-\u0641\u0631\u064a\u062c-2-150x93.jpg 150w, https:\/\/archive.sana.sy\/tr\/wp-content\/uploads\/2016\/04\/\u0627\u0644\u0639\u0645\u0627\u062f-\u0641\u0631\u064a\u062c-2.jpg 704w\" sizes=\"auto, (max-width: 300px) 100vw, 300px\" \/><\/a>\n\t\t\t<\/div><\/figure><figure class='gallery-item'>\n\t\t\t<div class='gallery-icon landscape'>\n\t\t\t\t<a href='https:\/\/archive.sana.sy\/tr\/wp-content\/uploads\/2016\/04\/\u0627\u0644\u0639\u0645\u0627\u062f-\u0641\u0631\u064a\u062c-3.jpg'><img loading=\"lazy\" decoding=\"async\" width=\"300\" height=\"217\" src=\"https:\/\/archive.sana.sy\/tr\/wp-content\/uploads\/2016\/04\/\u0627\u0644\u0639\u0645\u0627\u062f-\u0641\u0631\u064a\u062c-3-300x217.jpg\" class=\"attachment-medium size-medium\" alt=\"\" srcset=\"https:\/\/archive.sana.sy\/tr\/wp-content\/uploads\/2016\/04\/\u0627\u0644\u0639\u0645\u0627\u062f-\u0641\u0631\u064a\u062c-3-300x217.jpg 300w, https:\/\/archive.sana.sy\/tr\/wp-content\/uploads\/2016\/04\/\u0627\u0644\u0639\u0645\u0627\u062f-\u0641\u0631\u064a\u062c-3-150x109.jpg 150w, https:\/\/archive.sana.sy\/tr\/wp-content\/uploads\/2016\/04\/\u0627\u0644\u0639\u0645\u0627\u062f-\u0641\u0631\u064a\u062c-3.jpg 585w\" sizes=\"auto, (max-width: 300px) 100vw, 300px\" \/><\/a>\n\t\t\t<\/div><\/figure><figure class='gallery-item'>\n\t\t\t<div class='gallery-icon landscape'>\n\t\t\t\t<a href='https:\/\/archive.sana.sy\/tr\/wp-content\/uploads\/2016\/04\/\u0627\u0644\u0639\u0645\u0627\u062f-\u0641\u0631\u064a\u062c-1-2.jpg'><img loading=\"lazy\" decoding=\"async\" width=\"300\" height=\"170\" src=\"https:\/\/archive.sana.sy\/tr\/wp-content\/uploads\/2016\/04\/\u0627\u0644\u0639\u0645\u0627\u062f-\u0641\u0631\u064a\u062c-1-2-300x170.jpg\" class=\"attachment-medium size-medium\" alt=\"\" srcset=\"https:\/\/archive.sana.sy\/tr\/wp-content\/uploads\/2016\/04\/\u0627\u0644\u0639\u0645\u0627\u062f-\u0641\u0631\u064a\u062c-1-2-300x170.jpg 300w, https:\/\/archive.sana.sy\/tr\/wp-content\/uploads\/2016\/04\/\u0627\u0644\u0639\u0645\u0627\u062f-\u0641\u0631\u064a\u062c-1-2-150x85.jpg 150w, https:\/\/archive.sana.sy\/tr\/wp-content\/uploads\/2016\/04\/\u0627\u0644\u0639\u0645\u0627\u062f-\u0641\u0631\u064a\u062c-1-2.jpg 751w\" sizes=\"auto, (max-width: 300px) 100vw, 300px\" \/><\/a>\n\t\t\t<\/div><\/figure><figure class='gallery-item'>\n\t\t\t<div class='gallery-icon landscape'>\n\t\t\t\t<a href='https:\/\/archive.sana.sy\/tr\/wp-content\/uploads\/2016\/04\/\u0627\u0644\u0639\u0645\u0627\u062f-\u0641\u0631\u064a\u062c-2-1.jpg'><img loading=\"lazy\" decoding=\"async\" width=\"300\" height=\"168\" src=\"https:\/\/archive.sana.sy\/tr\/wp-content\/uploads\/2016\/04\/\u0627\u0644\u0639\u0645\u0627\u062f-\u0641\u0631\u064a\u062c-2-1-300x168.jpg\" class=\"attachment-medium size-medium\" alt=\"\" srcset=\"https:\/\/archive.sana.sy\/tr\/wp-content\/uploads\/2016\/04\/\u0627\u0644\u0639\u0645\u0627\u062f-\u0641\u0631\u064a\u062c-2-1-300x168.jpg 300w, https:\/\/archive.sana.sy\/tr\/wp-content\/uploads\/2016\/04\/\u0627\u0644\u0639\u0645\u0627\u062f-\u0641\u0631\u064a\u062c-2-1-150x84.jpg 150w, https:\/\/archive.sana.sy\/tr\/wp-content\/uploads\/2016\/04\/\u0627\u0644\u0639\u0645\u0627\u062f-\u0641\u0631\u064a\u062c-2-1.jpg 745w\" sizes=\"auto, (max-width: 300px) 100vw, 300px\" \/><\/a>\n\t\t\t<\/div><\/figure><figure class='gallery-item'>\n\t\t\t<div class='gallery-icon landscape'>\n\t\t\t\t<a href='https:\/\/archive.sana.sy\/tr\/wp-content\/uploads\/2016\/04\/Savunma-bakan\u0131-Freyc-1.jpg'><img loading=\"lazy\" decoding=\"async\" width=\"300\" height=\"150\" src=\"https:\/\/archive.sana.sy\/tr\/wp-content\/uploads\/2016\/04\/Savunma-bakan\u0131-Freyc-1-300x150.jpg\" class=\"attachment-medium size-medium\" alt=\"\" srcset=\"https:\/\/archive.sana.sy\/tr\/wp-content\/uploads\/2016\/04\/Savunma-bakan\u0131-Freyc-1-300x150.jpg 300w, https:\/\/archive.sana.sy\/tr\/wp-content\/uploads\/2016\/04\/Savunma-bakan\u0131-Freyc-1-150x75.jpg 150w, https:\/\/archive.sana.sy\/tr\/wp-content\/uploads\/2016\/04\/Savunma-bakan\u0131-Freyc-1.jpg 660w\" sizes=\"auto, (max-width: 300px) 100vw, 300px\" \/><\/a>\n\t\t\t<\/div><\/figure>\n\t\t<\/div>\n\n<p>https:\/\/youtu.be\/3hAVDrh5D5c<\/p>\n<p>R.H.<\/p>\n","protected":false},"excerpt":{"rendered":"<p>\u015eAM \u2013 Ordu ve Silahl\u0131 Kuvvetler Genel Komutan Yard\u0131mc\u0131s\u0131 ve Savunma Bakan\u0131 Korgeneral Fahd Casim el Freyc; Suriye&#8217;nin Frans\u0131z i\u015fgalinden kurtulu\u015funun 70. Y\u0131ld\u00f6n\u00fcm\u00fc m\u00fcnasebetiyle Cumhurba\u015fkan\u0131 Be\u015f\u015far el Esad\u2019\u0131n y\u00f6nlendirmeleri \u00fczerine vatan koruyucular\u0131 ordu birliklerimizin bir te\u015fkilat\u0131na saha gezisinde bulundu. Ordu ve Silahl\u0131 Kuvvetler Genel Komutanl\u0131\u011f\u0131nda \u00fcst r\u00fctbeli subaylar\u0131n e\u015fli\u011finde ger\u00e7ekle\u015fen saha ziyaretinde Korgeneral Frreyc kahraman &hellip;<\/p>\n","protected":false},"author":1,"featured_media":69452,"comment_status":"closed","ping_status":"closed","sticky":false,"template":"","format":"standard","meta":{"footnotes":""},"categories":[479,17988,478],"tags":[20571],"class_list":["post-69451","post","type-post","status-publish","format-standard","has-post-thumbnail","","category-haberler-yerel","category-son-haberler","category-yerel","tag-savunma-bakani-freyc-askerleri-ziyaret-etti"],"_links":{"self":[{"href":"https:\/\/archive.sana.sy\/tr\/index.php?rest_route=\/wp\/v2\/posts\/69451","targetHints":{"allow":["GET"]}}],"collection":[{"href":"https:\/\/archive.sana.sy\/tr\/index.php?rest_route=\/wp\/v2\/posts"}],"about":[{"href":"https:\/\/archive.sana.sy\/tr\/index.php?rest_route=\/wp\/v2\/types\/post"}],"author":[{"embeddable":true,"href":"https:\/\/archive.sana.sy\/tr\/index.php?rest_route=\/wp\/v2\/users\/1"}],"replies":[{"embeddable":true,"href":"https:\/\/archive.sana.sy\/tr\/index.php?rest_route=%2Fwp%2Fv2%2Fcomments&post=69451"}],"version-history":[{"count":0,"href":"https:\/\/archive.sana.sy\/tr\/index.php?rest_route=\/wp\/v2\/posts\/69451\/revisions"}],"wp:featuredmedia":[{"embeddable":true,"href":"https:\/\/archive.sana.sy\/tr\/index.php?rest_route=\/wp\/v2\/media\/69452"}],"wp:attachment":[{"href":"https:\/\/archive.sana.sy\/tr\/index.php?rest_route=%2Fwp%2Fv2%2Fmedia&parent=69451"}],"wp:term":[{"taxonomy":"category","embeddable":true,"href":"https:\/\/archive.sana.sy\/tr\/index.php?rest_route=%2Fwp%2Fv2%2Fcategories&post=69451"},{"taxonomy":"post_tag","embeddable":true,"href":"https:\/\/archive.sana.sy\/tr\/index.php?rest_route=%2Fwp%2Fv2%2Ftags&post=69451"}],"curies":[{"name":"wp","href":"https:\/\/api.w.org\/{rel}","templated":true}]}}