{"id":69462,"date":"2016-04-18T09:28:29","date_gmt":"2016-04-18T06:28:29","guid":{"rendered":"http:\/\/www.sana.sy\/tr\/?p=69462"},"modified":"2016-04-18T10:25:18","modified_gmt":"2016-04-18T07:25:18","slug":"savunma-bakani-freyc-askerleri-ziyaret-etti-2","status":"publish","type":"post","link":"https:\/\/archive.sana.sy\/tr\/?p=69462","title":{"rendered":"Savunma bakan\u0131 Freyc Askerleri Ziyaret Etti"},"content":{"rendered":"<p>Ordu ve Silahl\u0131 Kuvvetler Genel Komutan Yard\u0131mc\u0131s\u0131 ve Savunma Bakan\u0131 Korgeneral Fahd Casim el Freyc; Suriye&#8217;nin Frans\u0131z i\u015fgalinden kurtulu\u015funun 70. Y\u0131ld\u00f6n\u00fcm\u00fc m\u00fcnasebetiyle Cumhurba\u015fkan\u0131 Be\u015f\u015far el Esad\u2019\u0131n y\u00f6nlendirmeleri \u00fczerine vatan koruyucular\u0131 ordu birliklerimizin bir te\u015fkilat\u0131na saha gezisinde bulundu<\/p>\n<p>https:\/\/youtu.be\/3hAVDrh5D5c<\/p>\n<p>R.H.<\/p>\n<p>&nbsp;<\/p>\n","protected":false},"excerpt":{"rendered":"<p>Ordu ve Silahl\u0131 Kuvvetler Genel Komutan Yard\u0131mc\u0131s\u0131 ve Savunma Bakan\u0131 Korgeneral Fahd Casim el Freyc; Suriye&#8217;nin Frans\u0131z i\u015fgalinden kurtulu\u015funun 70. Y\u0131ld\u00f6n\u00fcm\u00fc m\u00fcnasebetiyle Cumhurba\u015fkan\u0131 Be\u015f\u015far el Esad\u2019\u0131n y\u00f6nlendirmeleri \u00fczerine vatan koruyucular\u0131 ordu birliklerimizin bir te\u015fkilat\u0131na saha gezisinde bulundu https:\/\/youtu.be\/3hAVDrh5D5c R.H. &nbsp;<\/p>\n","protected":false},"author":1,"featured_media":69452,"comment_status":"closed","ping_status":"closed","sticky":false,"template":"","format":"standard","meta":{"footnotes":""},"categories":[18295],"tags":[20571],"class_list":["post-69462","post","type-post","status-publish","format-standard","has-post-thumbnail","","category-sana-video","tag-savunma-bakani-freyc-askerleri-ziyaret-etti"],"_links":{"self":[{"href":"https:\/\/archive.sana.sy\/tr\/index.php?rest_route=\/wp\/v2\/posts\/69462","targetHints":{"allow":["GET"]}}],"collection":[{"href":"https:\/\/archive.sana.sy\/tr\/index.php?rest_route=\/wp\/v2\/posts"}],"about":[{"href":"https:\/\/archive.sana.sy\/tr\/index.php?rest_route=\/wp\/v2\/types\/post"}],"author":[{"embeddable":true,"href":"https:\/\/archive.sana.sy\/tr\/index.php?rest_route=\/wp\/v2\/users\/1"}],"replies":[{"embeddable":true,"href":"https:\/\/archive.sana.sy\/tr\/index.php?rest_route=%2Fwp%2Fv2%2Fcomments&post=69462"}],"version-history":[{"count":0,"href":"https:\/\/archive.sana.sy\/tr\/index.php?rest_route=\/wp\/v2\/posts\/69462\/revisions"}],"wp:featuredmedia":[{"embeddable":true,"href":"https:\/\/archive.sana.sy\/tr\/index.php?rest_route=\/wp\/v2\/media\/69452"}],"wp:attachment":[{"href":"https:\/\/archive.sana.sy\/tr\/index.php?rest_route=%2Fwp%2Fv2%2Fmedia&parent=69462"}],"wp:term":[{"taxonomy":"category","embeddable":true,"href":"https:\/\/archive.sana.sy\/tr\/index.php?rest_route=%2Fwp%2Fv2%2Fcategories&post=69462"},{"taxonomy":"post_tag","embeddable":true,"href":"https:\/\/archive.sana.sy\/tr\/index.php?rest_route=%2Fwp%2Fv2%2Ftags&post=69462"}],"curies":[{"name":"wp","href":"https:\/\/api.w.org\/{rel}","templated":true}]}}