{"id":69475,"date":"2016-04-18T09:23:38","date_gmt":"2016-04-18T06:23:38","guid":{"rendered":"http:\/\/www.sana.sy\/tr\/?p=69475"},"modified":"2016-04-18T13:42:27","modified_gmt":"2016-04-18T10:42:27","slug":"sanaya-aciklama-yapan-askeri-bir-kaynak-ordu-birliklerimizin-hama-kirsalinda-erdogan-rejiminin-destekledigi-cokuluslu-tekfirci-teroristlere-karsi-operasyonlari-cercevesinde-hurbat-el-nakus-ko","status":"publish","type":"post","link":"https:\/\/archive.sana.sy\/tr\/?p=69475","title":{"rendered":"SANA\u2019ya a\u00e7\u0131klama yapan askeri bir kaynak ordu birliklerimizin Hama k\u0131rsal\u0131nda Erdo\u011fan rejiminin destekledi\u011fi \u00e7okuluslu tekfirci ter\u00f6ristlere kar\u015f\u0131 operasyonlar\u0131 \u00e7er\u00e7evesinde Hurbat el Nakus K\u00f6y\u00fc civar\u0131nda askeri bir noktaya sald\u0131rmaya \u00e7al\u0131\u015fan T\u00fcrkmenistanl\u0131 \u2018Ebu Musab el Cezravi\u2019nin kulland\u0131\u011f\u0131 bombal\u0131 bir arac\u0131 hedefe ula\u015fmadan uzak bir b\u00f6lgede imha ettiklerini belirtti"},"content":{"rendered":"<p>SANA\u2019ya a\u00e7\u0131klama yapan askeri bir kaynak ordu birliklerimizin Hama k\u0131rsal\u0131nda Erdo\u011fan rejiminin destekledi\u011fi \u00e7okuluslu tekfirci ter\u00f6ristlere kar\u015f\u0131 operasyonlar\u0131 \u00e7er\u00e7evesinde Hurbat el Nakus K\u00f6y\u00fc civar\u0131nda askeri bir noktaya sald\u0131rmaya \u00e7al\u0131\u015fan T\u00fcrkmenistanl\u0131 \u2018Ebu Musab el Cezravi\u2019nin kulland\u0131\u011f\u0131 bombal\u0131 bir arac\u0131 hedefe ula\u015fmadan uzak bir b\u00f6lgede imha ettiklerini belirtti<\/p>\n","protected":false},"excerpt":{"rendered":"<p>SANA\u2019ya a\u00e7\u0131klama yapan askeri bir kaynak ordu birliklerimizin Hama k\u0131rsal\u0131nda Erdo\u011fan rejiminin destekledi\u011fi \u00e7okuluslu tekfirci ter\u00f6ristlere kar\u015f\u0131 operasyonlar\u0131 \u00e7er\u00e7evesinde Hurbat el Nakus K\u00f6y\u00fc civar\u0131nda askeri bir noktaya sald\u0131rmaya \u00e7al\u0131\u015fan T\u00fcrkmenistanl\u0131 \u2018Ebu Musab el Cezravi\u2019nin kulland\u0131\u011f\u0131 bombal\u0131 bir arac\u0131 hedefe ula\u015fmadan uzak bir b\u00f6lgede imha ettiklerini belirtti<\/p>\n","protected":false},"author":1,"featured_media":0,"comment_status":"closed","ping_status":"closed","sticky":false,"template":"","format":"standard","meta":{"footnotes":""},"categories":[17991],"tags":[],"class_list":["post-69475","post","type-post","status-publish","format-standard","","category-son-dakika"],"_links":{"self":[{"href":"https:\/\/archive.sana.sy\/tr\/index.php?rest_route=\/wp\/v2\/posts\/69475","targetHints":{"allow":["GET"]}}],"collection":[{"href":"https:\/\/archive.sana.sy\/tr\/index.php?rest_route=\/wp\/v2\/posts"}],"about":[{"href":"https:\/\/archive.sana.sy\/tr\/index.php?rest_route=\/wp\/v2\/types\/post"}],"author":[{"embeddable":true,"href":"https:\/\/archive.sana.sy\/tr\/index.php?rest_route=\/wp\/v2\/users\/1"}],"replies":[{"embeddable":true,"href":"https:\/\/archive.sana.sy\/tr\/index.php?rest_route=%2Fwp%2Fv2%2Fcomments&post=69475"}],"version-history":[{"count":0,"href":"https:\/\/archive.sana.sy\/tr\/index.php?rest_route=\/wp\/v2\/posts\/69475\/revisions"}],"wp:attachment":[{"href":"https:\/\/archive.sana.sy\/tr\/index.php?rest_route=%2Fwp%2Fv2%2Fmedia&parent=69475"}],"wp:term":[{"taxonomy":"category","embeddable":true,"href":"https:\/\/archive.sana.sy\/tr\/index.php?rest_route=%2Fwp%2Fv2%2Fcategories&post=69475"},{"taxonomy":"post_tag","embeddable":true,"href":"https:\/\/archive.sana.sy\/tr\/index.php?rest_route=%2Fwp%2Fv2%2Ftags&post=69475"}],"curies":[{"name":"wp","href":"https:\/\/api.w.org\/{rel}","templated":true}]}}