{"id":69480,"date":"2016-04-18T09:34:32","date_gmt":"2016-04-18T06:34:32","guid":{"rendered":"http:\/\/www.sana.sy\/tr\/?p=69480"},"modified":"2016-04-18T13:50:04","modified_gmt":"2016-04-18T10:50:04","slug":"hama-kirsali-hurbat-el-nakus-koyu-civarlarinda-bir-dizi-askeri-noktaya-saldiri-girisiminde-bulunan-erdogan-ve-al-suud-teror-ceteleri-fetih-ordusunun-saldiri-girisimlerinin-basariyla","status":"publish","type":"post","link":"https:\/\/archive.sana.sy\/tr\/?p=69480","title":{"rendered":"Hama k\u0131rsal\u0131 Hurbat el Nakus K\u00f6y\u00fc civarlar\u0131nda bir dizi askeri noktaya sald\u0131r\u0131 giri\u015fiminde bulunan Erdo\u011fan ve Al Suud ter\u00f6r \u00e7eteleri \u2018Fetih Ordusu\u2019nun sald\u0131r\u0131 giri\u015fimlerinin ba\u015far\u0131yla \u00e7\u00f6kertildi\u011fini belirten kaynak; \u00e7at\u0131\u015fmalarda aralar\u0131nda bariz ve tehlikeli isimlerin bulundu\u011fu onlarca ter\u00f6ristin ara\u00e7 ve silahlar\u0131yla etkisizle\u015ftirildiklerini ifade etti"},"content":{"rendered":"<p>Hama k\u0131rsal\u0131 Hurbat el Nakus K\u00f6y\u00fc civarlar\u0131nda bir dizi askeri noktaya sald\u0131r\u0131 giri\u015fiminde bulunan Erdo\u011fan ve Al Suud ter\u00f6r \u00e7eteleri \u2018Fetih Ordusu\u2019nun sald\u0131r\u0131 giri\u015fimlerinin ba\u015far\u0131yla \u00e7\u00f6kertildi\u011fini belirten kaynak; \u00e7at\u0131\u015fmalarda aralar\u0131nda bariz ve tehlikeli isimlerin bulundu\u011fu onlarca ter\u00f6ristin ara\u00e7 ve silahlar\u0131yla etkisizle\u015ftirildiklerini ifade etti<\/p>\n","protected":false},"excerpt":{"rendered":"<p>Hama k\u0131rsal\u0131 Hurbat el Nakus K\u00f6y\u00fc civarlar\u0131nda bir dizi askeri noktaya sald\u0131r\u0131 giri\u015fiminde bulunan Erdo\u011fan ve Al Suud ter\u00f6r \u00e7eteleri \u2018Fetih Ordusu\u2019nun sald\u0131r\u0131 giri\u015fimlerinin ba\u015far\u0131yla \u00e7\u00f6kertildi\u011fini belirten kaynak; \u00e7at\u0131\u015fmalarda aralar\u0131nda bariz ve tehlikeli isimlerin bulundu\u011fu onlarca ter\u00f6ristin ara\u00e7 ve silahlar\u0131yla etkisizle\u015ftirildiklerini ifade etti<\/p>\n","protected":false},"author":1,"featured_media":0,"comment_status":"closed","ping_status":"closed","sticky":false,"template":"","format":"standard","meta":{"footnotes":""},"categories":[17991],"tags":[],"class_list":["post-69480","post","type-post","status-publish","format-standard","","category-son-dakika"],"_links":{"self":[{"href":"https:\/\/archive.sana.sy\/tr\/index.php?rest_route=\/wp\/v2\/posts\/69480","targetHints":{"allow":["GET"]}}],"collection":[{"href":"https:\/\/archive.sana.sy\/tr\/index.php?rest_route=\/wp\/v2\/posts"}],"about":[{"href":"https:\/\/archive.sana.sy\/tr\/index.php?rest_route=\/wp\/v2\/types\/post"}],"author":[{"embeddable":true,"href":"https:\/\/archive.sana.sy\/tr\/index.php?rest_route=\/wp\/v2\/users\/1"}],"replies":[{"embeddable":true,"href":"https:\/\/archive.sana.sy\/tr\/index.php?rest_route=%2Fwp%2Fv2%2Fcomments&post=69480"}],"version-history":[{"count":0,"href":"https:\/\/archive.sana.sy\/tr\/index.php?rest_route=\/wp\/v2\/posts\/69480\/revisions"}],"wp:attachment":[{"href":"https:\/\/archive.sana.sy\/tr\/index.php?rest_route=%2Fwp%2Fv2%2Fmedia&parent=69480"}],"wp:term":[{"taxonomy":"category","embeddable":true,"href":"https:\/\/archive.sana.sy\/tr\/index.php?rest_route=%2Fwp%2Fv2%2Fcategories&post=69480"},{"taxonomy":"post_tag","embeddable":true,"href":"https:\/\/archive.sana.sy\/tr\/index.php?rest_route=%2Fwp%2Fv2%2Ftags&post=69480"}],"curies":[{"name":"wp","href":"https:\/\/api.w.org\/{rel}","templated":true}]}}