{"id":69485,"date":"2016-04-18T14:00:29","date_gmt":"2016-04-18T11:00:29","guid":{"rendered":"http:\/\/www.sana.sy\/tr\/?p=69485"},"modified":"2016-04-19T10:43:00","modified_gmt":"2016-04-19T07:43:00","slug":"yine-cephane-yuklu-arac-yakalandi","status":"publish","type":"post","link":"https:\/\/archive.sana.sy\/tr\/?p=69485","title":{"rendered":"Yine Cephane Y\u00fckl\u00fc Ara\u00e7 Yakaland\u0131 (video)"},"content":{"rendered":"<p>S\u00dcVEYDA \u2013 S\u00fcveyda Valili\u011finde yetkili bir kaynak Halk Savunma G\u00fc\u00e7lerinin il k\u0131rsal\u0131n\u0131n Ifeyna K\u00f6y\u00fcnde ter\u00f6ristlere kurduklar\u0131 pusuda, b\u00fcy\u00fck miktarda cephane y\u00fckl\u00fc bir ara\u00e7 yakalad\u0131klar\u0131n\u0131 belirtti.<\/p>\n<p>SANA\u2019ya a\u00e7\u0131klamas\u0131nda kaynak; S\u00fcveyda k\u0131rsal\u0131n\u0131n bat\u0131s\u0131ndan Do\u011fu Badiye B\u00f6lgesinde bulunan tekfirci ter\u00f6ristlerin istikametinde seyir ederken yakalanan ara\u00e7ta \u00e7ok say\u0131da RPG roketi ve m\u00fchimmat\u0131 bulundu\u011funu s\u00f6yledi.<\/p>\n<p>Halk Savunma G\u00fc\u00e7leri daha \u00f6nce de yine S\u00fcveyda k\u0131rsal\u0131nda cephane y\u00fckl\u00fc \u00e7ok say\u0131da arac\u0131n yan\u0131 s\u0131ra en son ge\u00e7en hafta 1,5 milyon cabtagon hap\u0131 ve 150 kg esrar y\u00fckl\u00fc bir ara\u00e7 yakalam\u0131\u015flard\u0131.<\/p>\n<div id='gallery-1' class='gallery galleryid-69485 gallery-columns-2 gallery-size-thumbnail'><figure class='gallery-item'>\n\t\t\t<div class='gallery-icon landscape'>\n\t\t\t\t<a href='https:\/\/archive.sana.sy\/tr\/wp-content\/uploads\/2016\/04\/2-16.jpg'><img loading=\"lazy\" decoding=\"async\" width=\"150\" height=\"99\" src=\"https:\/\/archive.sana.sy\/tr\/wp-content\/uploads\/2016\/04\/2-16-150x99.jpg\" class=\"attachment-thumbnail size-thumbnail\" alt=\"\" srcset=\"https:\/\/archive.sana.sy\/tr\/wp-content\/uploads\/2016\/04\/2-16-150x99.jpg 150w, https:\/\/archive.sana.sy\/tr\/wp-content\/uploads\/2016\/04\/2-16-300x199.jpg 300w, https:\/\/archive.sana.sy\/tr\/wp-content\/uploads\/2016\/04\/2-16-768x509.jpg 768w, https:\/\/archive.sana.sy\/tr\/wp-content\/uploads\/2016\/04\/2-16-1024x678.jpg 1024w, https:\/\/archive.sana.sy\/tr\/wp-content\/uploads\/2016\/04\/2-16-310x205.jpg 310w, https:\/\/archive.sana.sy\/tr\/wp-content\/uploads\/2016\/04\/2-16.jpg 1200w\" sizes=\"auto, (max-width: 150px) 100vw, 150px\" \/><\/a>\n\t\t\t<\/div><\/figure><figure class='gallery-item'>\n\t\t\t<div class='gallery-icon landscape'>\n\t\t\t\t<a href='https:\/\/archive.sana.sy\/tr\/wp-content\/uploads\/2016\/04\/5-11.jpg'><img loading=\"lazy\" decoding=\"async\" width=\"150\" height=\"99\" src=\"https:\/\/archive.sana.sy\/tr\/wp-content\/uploads\/2016\/04\/5-11-150x99.jpg\" class=\"attachment-thumbnail size-thumbnail\" alt=\"\" srcset=\"https:\/\/archive.sana.sy\/tr\/wp-content\/uploads\/2016\/04\/5-11-150x99.jpg 150w, https:\/\/archive.sana.sy\/tr\/wp-content\/uploads\/2016\/04\/5-11-300x199.jpg 300w, https:\/\/archive.sana.sy\/tr\/wp-content\/uploads\/2016\/04\/5-11-768x509.jpg 768w, https:\/\/archive.sana.sy\/tr\/wp-content\/uploads\/2016\/04\/5-11-1024x678.jpg 1024w, https:\/\/archive.sana.sy\/tr\/wp-content\/uploads\/2016\/04\/5-11-310x205.jpg 310w, https:\/\/archive.sana.sy\/tr\/wp-content\/uploads\/2016\/04\/5-11.jpg 1200w\" sizes=\"auto, (max-width: 150px) 100vw, 150px\" \/><\/a>\n\t\t\t<\/div><\/figure><figure class='gallery-item'>\n\t\t\t<div class='gallery-icon landscape'>\n\t\t\t\t<a href='https:\/\/archive.sana.sy\/tr\/wp-content\/uploads\/2016\/04\/0-10.jpg'><img loading=\"lazy\" decoding=\"async\" width=\"150\" height=\"99\" src=\"https:\/\/archive.sana.sy\/tr\/wp-content\/uploads\/2016\/04\/0-10-150x99.jpg\" class=\"attachment-thumbnail size-thumbnail\" alt=\"\" srcset=\"https:\/\/archive.sana.sy\/tr\/wp-content\/uploads\/2016\/04\/0-10-150x99.jpg 150w, https:\/\/archive.sana.sy\/tr\/wp-content\/uploads\/2016\/04\/0-10-300x199.jpg 300w, https:\/\/archive.sana.sy\/tr\/wp-content\/uploads\/2016\/04\/0-10-768x509.jpg 768w, https:\/\/archive.sana.sy\/tr\/wp-content\/uploads\/2016\/04\/0-10-1024x678.jpg 1024w, https:\/\/archive.sana.sy\/tr\/wp-content\/uploads\/2016\/04\/0-10-310x205.jpg 310w, https:\/\/archive.sana.sy\/tr\/wp-content\/uploads\/2016\/04\/0-10.jpg 1200w\" sizes=\"auto, (max-width: 150px) 100vw, 150px\" \/><\/a>\n\t\t\t<\/div><\/figure><figure class='gallery-item'>\n\t\t\t<div class='gallery-icon landscape'>\n\t\t\t\t<a href='https:\/\/archive.sana.sy\/tr\/wp-content\/uploads\/2016\/04\/1-26.jpg'><img loading=\"lazy\" decoding=\"async\" width=\"150\" height=\"99\" src=\"https:\/\/archive.sana.sy\/tr\/wp-content\/uploads\/2016\/04\/1-26-150x99.jpg\" class=\"attachment-thumbnail size-thumbnail\" alt=\"\" srcset=\"https:\/\/archive.sana.sy\/tr\/wp-content\/uploads\/2016\/04\/1-26-150x99.jpg 150w, https:\/\/archive.sana.sy\/tr\/wp-content\/uploads\/2016\/04\/1-26-300x199.jpg 300w, https:\/\/archive.sana.sy\/tr\/wp-content\/uploads\/2016\/04\/1-26-768x509.jpg 768w, https:\/\/archive.sana.sy\/tr\/wp-content\/uploads\/2016\/04\/1-26-1024x678.jpg 1024w, https:\/\/archive.sana.sy\/tr\/wp-content\/uploads\/2016\/04\/1-26-310x205.jpg 310w, https:\/\/archive.sana.sy\/tr\/wp-content\/uploads\/2016\/04\/1-26.jpg 1200w\" sizes=\"auto, (max-width: 150px) 100vw, 150px\" \/><\/a>\n\t\t\t<\/div><\/figure>\n\t\t<\/div>\n\n<p>https:\/\/www.youtube.com\/watch?v=dD9eSx5e3os<\/p>\n","protected":false},"excerpt":{"rendered":"<p>S\u00dcVEYDA \u2013 S\u00fcveyda Valili\u011finde yetkili bir kaynak Halk Savunma G\u00fc\u00e7lerinin il k\u0131rsal\u0131n\u0131n Ifeyna K\u00f6y\u00fcnde ter\u00f6ristlere kurduklar\u0131 pusuda, b\u00fcy\u00fck miktarda cephane y\u00fckl\u00fc bir ara\u00e7 yakalad\u0131klar\u0131n\u0131 belirtti. SANA\u2019ya a\u00e7\u0131klamas\u0131nda kaynak; S\u00fcveyda k\u0131rsal\u0131n\u0131n bat\u0131s\u0131ndan Do\u011fu Badiye B\u00f6lgesinde bulunan tekfirci ter\u00f6ristlerin istikametinde seyir ederken yakalanan ara\u00e7ta \u00e7ok say\u0131da RPG roketi ve m\u00fchimmat\u0131 bulundu\u011funu s\u00f6yledi. Halk Savunma G\u00fc\u00e7leri daha \u00f6nce &hellip;<\/p>\n","protected":false},"author":1,"featured_media":69486,"comment_status":"closed","ping_status":"closed","sticky":false,"template":"","format":"standard","meta":{"footnotes":""},"categories":[479,575,17988,478],"tags":[20576,20577,17224],"class_list":["post-69485","post","type-post","status-publish","format-standard","has-post-thumbnail","","category-haberler-yerel","category-olaylar-ve-gercekler","category-son-haberler","category-yerel","tag-cephane-yuklu-arac-yakalandi","tag-halk-savunma-gucleri","tag-suveyda-kirsali"],"_links":{"self":[{"href":"https:\/\/archive.sana.sy\/tr\/index.php?rest_route=\/wp\/v2\/posts\/69485","targetHints":{"allow":["GET"]}}],"collection":[{"href":"https:\/\/archive.sana.sy\/tr\/index.php?rest_route=\/wp\/v2\/posts"}],"about":[{"href":"https:\/\/archive.sana.sy\/tr\/index.php?rest_route=\/wp\/v2\/types\/post"}],"author":[{"embeddable":true,"href":"https:\/\/archive.sana.sy\/tr\/index.php?rest_route=\/wp\/v2\/users\/1"}],"replies":[{"embeddable":true,"href":"https:\/\/archive.sana.sy\/tr\/index.php?rest_route=%2Fwp%2Fv2%2Fcomments&post=69485"}],"version-history":[{"count":0,"href":"https:\/\/archive.sana.sy\/tr\/index.php?rest_route=\/wp\/v2\/posts\/69485\/revisions"}],"wp:featuredmedia":[{"embeddable":true,"href":"https:\/\/archive.sana.sy\/tr\/index.php?rest_route=\/wp\/v2\/media\/69486"}],"wp:attachment":[{"href":"https:\/\/archive.sana.sy\/tr\/index.php?rest_route=%2Fwp%2Fv2%2Fmedia&parent=69485"}],"wp:term":[{"taxonomy":"category","embeddable":true,"href":"https:\/\/archive.sana.sy\/tr\/index.php?rest_route=%2Fwp%2Fv2%2Fcategories&post=69485"},{"taxonomy":"post_tag","embeddable":true,"href":"https:\/\/archive.sana.sy\/tr\/index.php?rest_route=%2Fwp%2Fv2%2Ftags&post=69485"}],"curies":[{"name":"wp","href":"https:\/\/api.w.org\/{rel}","templated":true}]}}