{"id":69488,"date":"2016-04-18T12:01:59","date_gmt":"2016-04-18T09:01:59","guid":{"rendered":"http:\/\/www.sana.sy\/tr\/?p=69488"},"modified":"2016-04-18T14:16:17","modified_gmt":"2016-04-18T11:16:17","slug":"suriye-arap-cumhuriyeti-heyeti-cenevrede-suriyeliler-arasindaki-dolayli-diyalog-gorusmelerinde-bm-genel-sekreterinin-suriye-ozel-temsilcisi-staffan-de-mistura-ile-bir-araya-gelmek-uzere-bmn","status":"publish","type":"post","link":"https:\/\/archive.sana.sy\/tr\/?p=69488","title":{"rendered":"Suriye Arap Cumhuriyeti heyeti Cenevre&#8217;de Suriyeliler aras\u0131ndaki dolayl\u0131 diyalog g\u00f6r\u00fc\u015fmelerinde BM genel sekreterinin Suriye \u00f6zel temsilcisi Staffan de Mistura ile bir araya gelmek \u00fczere BM\u2019nin Cenevre ofisine ula\u015ft\u0131"},"content":{"rendered":"<p>Suriye Arap Cumhuriyeti heyeti Cenevre&#8217;de Suriyeliler aras\u0131ndaki dolayl\u0131 diyalog g\u00f6r\u00fc\u015fmelerinde BM genel sekreterinin Suriye \u00f6zel temsilcisi Staffan de Mistura ile bir araya gelmek \u00fczere BM\u2019nin Cenevre ofisine ula\u015ft\u0131<\/p>\n","protected":false},"excerpt":{"rendered":"<p>Suriye Arap Cumhuriyeti heyeti Cenevre&#8217;de Suriyeliler aras\u0131ndaki dolayl\u0131 diyalog g\u00f6r\u00fc\u015fmelerinde BM genel sekreterinin Suriye \u00f6zel temsilcisi Staffan de Mistura ile bir araya gelmek \u00fczere BM\u2019nin Cenevre ofisine ula\u015ft\u0131<\/p>\n","protected":false},"author":1,"featured_media":0,"comment_status":"closed","ping_status":"closed","sticky":false,"template":"","format":"standard","meta":{"footnotes":""},"categories":[17991],"tags":[],"class_list":["post-69488","post","type-post","status-publish","format-standard","","category-son-dakika"],"_links":{"self":[{"href":"https:\/\/archive.sana.sy\/tr\/index.php?rest_route=\/wp\/v2\/posts\/69488","targetHints":{"allow":["GET"]}}],"collection":[{"href":"https:\/\/archive.sana.sy\/tr\/index.php?rest_route=\/wp\/v2\/posts"}],"about":[{"href":"https:\/\/archive.sana.sy\/tr\/index.php?rest_route=\/wp\/v2\/types\/post"}],"author":[{"embeddable":true,"href":"https:\/\/archive.sana.sy\/tr\/index.php?rest_route=\/wp\/v2\/users\/1"}],"replies":[{"embeddable":true,"href":"https:\/\/archive.sana.sy\/tr\/index.php?rest_route=%2Fwp%2Fv2%2Fcomments&post=69488"}],"version-history":[{"count":0,"href":"https:\/\/archive.sana.sy\/tr\/index.php?rest_route=\/wp\/v2\/posts\/69488\/revisions"}],"wp:attachment":[{"href":"https:\/\/archive.sana.sy\/tr\/index.php?rest_route=%2Fwp%2Fv2%2Fmedia&parent=69488"}],"wp:term":[{"taxonomy":"category","embeddable":true,"href":"https:\/\/archive.sana.sy\/tr\/index.php?rest_route=%2Fwp%2Fv2%2Fcategories&post=69488"},{"taxonomy":"post_tag","embeddable":true,"href":"https:\/\/archive.sana.sy\/tr\/index.php?rest_route=%2Fwp%2Fv2%2Ftags&post=69488"}],"curies":[{"name":"wp","href":"https:\/\/api.w.org\/{rel}","templated":true}]}}