{"id":69496,"date":"2016-04-18T14:26:22","date_gmt":"2016-04-18T11:26:22","guid":{"rendered":"http:\/\/www.sana.sy\/tr\/?p=69496"},"modified":"2016-04-18T14:28:29","modified_gmt":"2016-04-18T11:28:29","slug":"suriye-arap-cumhuriyeti-heyetinin-cenevrede-suriyeliler-arasindaki-dolayli-diyalog-gorusmeleri-cercevesinde-bm-genel-sekreterinin-suriye-ozel-temsilcisi-staffan-de-mistura-ile-toplantisi-ardindan-he","status":"publish","type":"post","link":"https:\/\/archive.sana.sy\/tr\/?p=69496","title":{"rendered":"Suriye Arap Cumhuriyeti heyetinin Cenevre&#8217;de Suriyeliler aras\u0131ndaki dolayl\u0131 diyalog g\u00f6r\u00fc\u015fmeleri \u00e7er\u00e7evesinde BM genel sekreterinin Suriye \u00f6zel temsilcisi Staffan de Mistura ile toplant\u0131s\u0131 ard\u0131ndan heyet ba\u015fkan\u0131 Be\u015f\u015far el Caferi bas\u0131n toplant\u0131s\u0131 d\u00fczenliyor"},"content":{"rendered":"<p>Suriye Arap Cumhuriyeti heyetinin Cenevre&#8217;de Suriyeliler aras\u0131ndaki dolayl\u0131 diyalog g\u00f6r\u00fc\u015fmeleri \u00e7er\u00e7evesinde BM genel sekreterinin Suriye \u00f6zel temsilcisi Staffan de Mistura ile toplant\u0131s\u0131 ard\u0131ndan heyet ba\u015fkan\u0131 Be\u015f\u015far el Caferi bas\u0131n toplant\u0131s\u0131 d\u00fczenliyor<\/p>\n","protected":false},"excerpt":{"rendered":"<p>Suriye Arap Cumhuriyeti heyetinin Cenevre&#8217;de Suriyeliler aras\u0131ndaki dolayl\u0131 diyalog g\u00f6r\u00fc\u015fmeleri \u00e7er\u00e7evesinde BM genel sekreterinin Suriye \u00f6zel temsilcisi Staffan de Mistura ile toplant\u0131s\u0131 ard\u0131ndan heyet ba\u015fkan\u0131 Be\u015f\u015far el Caferi bas\u0131n toplant\u0131s\u0131 d\u00fczenliyor<\/p>\n","protected":false},"author":1,"featured_media":0,"comment_status":"closed","ping_status":"closed","sticky":false,"template":"","format":"standard","meta":{"footnotes":""},"categories":[17991],"tags":[],"class_list":["post-69496","post","type-post","status-publish","format-standard","","category-son-dakika"],"_links":{"self":[{"href":"https:\/\/archive.sana.sy\/tr\/index.php?rest_route=\/wp\/v2\/posts\/69496","targetHints":{"allow":["GET"]}}],"collection":[{"href":"https:\/\/archive.sana.sy\/tr\/index.php?rest_route=\/wp\/v2\/posts"}],"about":[{"href":"https:\/\/archive.sana.sy\/tr\/index.php?rest_route=\/wp\/v2\/types\/post"}],"author":[{"embeddable":true,"href":"https:\/\/archive.sana.sy\/tr\/index.php?rest_route=\/wp\/v2\/users\/1"}],"replies":[{"embeddable":true,"href":"https:\/\/archive.sana.sy\/tr\/index.php?rest_route=%2Fwp%2Fv2%2Fcomments&post=69496"}],"version-history":[{"count":0,"href":"https:\/\/archive.sana.sy\/tr\/index.php?rest_route=\/wp\/v2\/posts\/69496\/revisions"}],"wp:attachment":[{"href":"https:\/\/archive.sana.sy\/tr\/index.php?rest_route=%2Fwp%2Fv2%2Fmedia&parent=69496"}],"wp:term":[{"taxonomy":"category","embeddable":true,"href":"https:\/\/archive.sana.sy\/tr\/index.php?rest_route=%2Fwp%2Fv2%2Fcategories&post=69496"},{"taxonomy":"post_tag","embeddable":true,"href":"https:\/\/archive.sana.sy\/tr\/index.php?rest_route=%2Fwp%2Fv2%2Ftags&post=69496"}],"curies":[{"name":"wp","href":"https:\/\/api.w.org\/{rel}","templated":true}]}}