{"id":69498,"date":"2016-04-18T14:36:40","date_gmt":"2016-04-18T11:36:40","guid":{"rendered":"http:\/\/www.sana.sy\/tr\/?p=69498"},"modified":"2016-04-19T10:42:46","modified_gmt":"2016-04-19T07:42:46","slug":"suriye-halkinin-vatanina-ve-cumhurbaskanina-bagliliklarini-kanitliyor","status":"publish","type":"post","link":"https:\/\/archive.sana.sy\/tr\/?p=69498","title":{"rendered":"Suriye Halk\u0131n\u0131n Vatan\u0131na ve Cumhurba\u015fkan\u0131na Ba\u011fl\u0131l\u0131klar\u0131n\u0131 Kan\u0131tl\u0131yor"},"content":{"rendered":"<p>TAHRAN \u2013 \u0130ran \u0130slami \u015eura Meclisi Ba\u015fkan\u0131 Ali Laricani Cumhurba\u015fkan\u0131 Be\u015f\u015far el Esad\u2019a g\u00f6nderdi\u011fi mektubunda Suriye&#8217;de Halk Meclisi se\u00e7imlerinin ba\u015far\u0131l\u0131 bir \u015fekilde olmas\u0131ndan dolay\u0131 kutlama ve iyi dileklerini ifade etti.<\/p>\n<p>Laricani mesaj\u0131nda \u0130ran\u2019\u0131n sahip oldu\u011fu tutum ve stratejinin, b\u00f6lgede g\u00fcvenlik ve istikrar\u0131n sa\u011flanmas\u0131 amac\u0131yla Suriye ile kapsaml\u0131 ve sa\u011flam i\u015fbirli\u011fi temelleri \u00fczerine dayal\u0131 oldu\u011funu belirtti.<\/p>\n<p>Laricani Suriye&#8217;ye y\u00f6nelik ekonomik, siyasi ve g\u00fcvenlik b\u00fcy\u00fck bask\u0131lar\u0131n yan\u0131 s\u0131ra ter\u00f6ristlerin se\u00e7menlerin se\u00e7im merkezlerine gitmelerini engellemedeki \u00e7aresiz ve abes \u00e7abalar\u0131na ra\u011fmen se\u00e7imlerde g\u00f6r\u00fclen geni\u015f kat\u0131l\u0131m\u0131n, Suriye halk\u0131n\u0131n vatan\u0131 ve cumhurba\u015fkan\u0131na ba\u011fl\u0131l\u0131klar\u0131n\u0131 ortaya koydu\u011funun alt\u0131n\u0131 \u00e7izdi.<\/p>\n<p>\u0130ran \u015eura Meclisi Ba\u015fkan\u0131 Laricani; Suriye&#8217;nin devlet ve halk olarak ter\u00f6r\u00fc bertaraf edece\u011fi konusunda hi\u00e7bir ku\u015fkusu olmad\u0131\u011f\u0131n\u0131 s\u00f6yledi.<\/p>\n","protected":false},"excerpt":{"rendered":"<p>TAHRAN \u2013 \u0130ran \u0130slami \u015eura Meclisi Ba\u015fkan\u0131 Ali Laricani Cumhurba\u015fkan\u0131 Be\u015f\u015far el Esad\u2019a g\u00f6nderdi\u011fi mektubunda Suriye&#8217;de Halk Meclisi se\u00e7imlerinin ba\u015far\u0131l\u0131 bir \u015fekilde olmas\u0131ndan dolay\u0131 kutlama ve iyi dileklerini ifade etti. Laricani mesaj\u0131nda \u0130ran\u2019\u0131n sahip oldu\u011fu tutum ve stratejinin, b\u00f6lgede g\u00fcvenlik ve istikrar\u0131n sa\u011flanmas\u0131 amac\u0131yla Suriye ile kapsaml\u0131 ve sa\u011flam i\u015fbirli\u011fi temelleri \u00fczerine dayal\u0131 oldu\u011funu belirtti. &hellip;<\/p>\n","protected":false},"author":1,"featured_media":69501,"comment_status":"closed","ping_status":"closed","sticky":false,"template":"","format":"standard","meta":{"footnotes":""},"categories":[458,459,605,17988,613],"tags":[20579,19547,11761,13043,20578],"class_list":["post-69498","post","type-post","status-publish","format-standard","has-post-thumbnail","","category-dunya1","category-haberler-arap-uluslararasi-politika","category-sayin-cumhurbaskani","category-son-haberler","category-telgraflar","tag-ali-laricani","tag-halk-meclisi-secimleri","tag-iran-sura-meclisi","tag-suriye-halki","tag-suriye-halkinin-vatanina-ve-cumhurbaskanina-bagliliklarini-kanitliyor"],"_links":{"self":[{"href":"https:\/\/archive.sana.sy\/tr\/index.php?rest_route=\/wp\/v2\/posts\/69498","targetHints":{"allow":["GET"]}}],"collection":[{"href":"https:\/\/archive.sana.sy\/tr\/index.php?rest_route=\/wp\/v2\/posts"}],"about":[{"href":"https:\/\/archive.sana.sy\/tr\/index.php?rest_route=\/wp\/v2\/types\/post"}],"author":[{"embeddable":true,"href":"https:\/\/archive.sana.sy\/tr\/index.php?rest_route=\/wp\/v2\/users\/1"}],"replies":[{"embeddable":true,"href":"https:\/\/archive.sana.sy\/tr\/index.php?rest_route=%2Fwp%2Fv2%2Fcomments&post=69498"}],"version-history":[{"count":0,"href":"https:\/\/archive.sana.sy\/tr\/index.php?rest_route=\/wp\/v2\/posts\/69498\/revisions"}],"wp:featuredmedia":[{"embeddable":true,"href":"https:\/\/archive.sana.sy\/tr\/index.php?rest_route=\/wp\/v2\/media\/69501"}],"wp:attachment":[{"href":"https:\/\/archive.sana.sy\/tr\/index.php?rest_route=%2Fwp%2Fv2%2Fmedia&parent=69498"}],"wp:term":[{"taxonomy":"category","embeddable":true,"href":"https:\/\/archive.sana.sy\/tr\/index.php?rest_route=%2Fwp%2Fv2%2Fcategories&post=69498"},{"taxonomy":"post_tag","embeddable":true,"href":"https:\/\/archive.sana.sy\/tr\/index.php?rest_route=%2Fwp%2Fv2%2Ftags&post=69498"}],"curies":[{"name":"wp","href":"https:\/\/api.w.org\/{rel}","templated":true}]}}