{"id":69500,"date":"2016-04-18T14:15:49","date_gmt":"2016-04-18T11:15:49","guid":{"rendered":"http:\/\/www.sana.sy\/tr\/?p=69500"},"modified":"2016-04-18T14:48:33","modified_gmt":"2016-04-18T11:48:33","slug":"caferi-basin-toplantisinda-de-mistura-ile-toplantinin-baslangicinda-isgalci-israil-hukumeti-baskani-benyamin-netanyahunun-isgal-altindaki-golan-topraklarinda-hukumet-toplantisi-duzenlemekle","status":"publish","type":"post","link":"https:\/\/archive.sana.sy\/tr\/?p=69500","title":{"rendered":"Caferi bas\u0131n toplant\u0131s\u0131nda; de Mistura ile toplant\u0131n\u0131n ba\u015flang\u0131c\u0131nda, i\u015fgalci \u0130srail h\u00fck\u00fcmeti ba\u015fkan\u0131 Benyamin Netanyahu\u2019nun i\u015fgal alt\u0131ndaki Golan topraklar\u0131nda h\u00fck\u00fcmet toplant\u0131s\u0131 d\u00fczenlemekle bulundu\u011fu sorumsuz provokat\u00f6r ad\u0131m\u0131n\u0131 ayr\u0131nt\u0131lar\u0131yla tart\u0131\u015ft\u0131klar\u0131n\u0131 belirtti"},"content":{"rendered":"<p>Caferi bas\u0131n toplant\u0131s\u0131nda; de Mistura ile toplant\u0131n\u0131n ba\u015flang\u0131c\u0131nda, i\u015fgalci \u0130srail h\u00fck\u00fcmeti ba\u015fkan\u0131 Benyamin Netanyahu\u2019nun i\u015fgal alt\u0131ndaki Golan topraklar\u0131nda h\u00fck\u00fcmet toplant\u0131s\u0131 d\u00fczenlemekle bulundu\u011fu sorumsuz provokat\u00f6r ad\u0131m\u0131n\u0131 ayr\u0131nt\u0131lar\u0131yla tart\u0131\u015ft\u0131klar\u0131n\u0131 belirtti<\/p>\n","protected":false},"excerpt":{"rendered":"<p>Caferi bas\u0131n toplant\u0131s\u0131nda; de Mistura ile toplant\u0131n\u0131n ba\u015flang\u0131c\u0131nda, i\u015fgalci \u0130srail h\u00fck\u00fcmeti ba\u015fkan\u0131 Benyamin Netanyahu\u2019nun i\u015fgal alt\u0131ndaki Golan topraklar\u0131nda h\u00fck\u00fcmet toplant\u0131s\u0131 d\u00fczenlemekle bulundu\u011fu sorumsuz provokat\u00f6r ad\u0131m\u0131n\u0131 ayr\u0131nt\u0131lar\u0131yla tart\u0131\u015ft\u0131klar\u0131n\u0131 belirtti<\/p>\n","protected":false},"author":1,"featured_media":0,"comment_status":"closed","ping_status":"closed","sticky":false,"template":"","format":"standard","meta":{"footnotes":""},"categories":[17991],"tags":[],"class_list":["post-69500","post","type-post","status-publish","format-standard","","category-son-dakika"],"_links":{"self":[{"href":"https:\/\/archive.sana.sy\/tr\/index.php?rest_route=\/wp\/v2\/posts\/69500","targetHints":{"allow":["GET"]}}],"collection":[{"href":"https:\/\/archive.sana.sy\/tr\/index.php?rest_route=\/wp\/v2\/posts"}],"about":[{"href":"https:\/\/archive.sana.sy\/tr\/index.php?rest_route=\/wp\/v2\/types\/post"}],"author":[{"embeddable":true,"href":"https:\/\/archive.sana.sy\/tr\/index.php?rest_route=\/wp\/v2\/users\/1"}],"replies":[{"embeddable":true,"href":"https:\/\/archive.sana.sy\/tr\/index.php?rest_route=%2Fwp%2Fv2%2Fcomments&post=69500"}],"version-history":[{"count":0,"href":"https:\/\/archive.sana.sy\/tr\/index.php?rest_route=\/wp\/v2\/posts\/69500\/revisions"}],"wp:attachment":[{"href":"https:\/\/archive.sana.sy\/tr\/index.php?rest_route=%2Fwp%2Fv2%2Fmedia&parent=69500"}],"wp:term":[{"taxonomy":"category","embeddable":true,"href":"https:\/\/archive.sana.sy\/tr\/index.php?rest_route=%2Fwp%2Fv2%2Fcategories&post=69500"},{"taxonomy":"post_tag","embeddable":true,"href":"https:\/\/archive.sana.sy\/tr\/index.php?rest_route=%2Fwp%2Fv2%2Ftags&post=69500"}],"curies":[{"name":"wp","href":"https:\/\/api.w.org\/{rel}","templated":true}]}}