{"id":69507,"date":"2016-04-18T14:30:13","date_gmt":"2016-04-18T11:30:13","guid":{"rendered":"http:\/\/www.sana.sy\/tr\/?p=69507"},"modified":"2016-04-18T14:54:52","modified_gmt":"2016-04-18T11:54:52","slug":"suriye-heyeti-baskani-caferi-isgalci-israilin-golan-topraklarindaki-provokator-tirmandirmalarinin-cenevrede-suriyeliler-arasindaki-gorusmelere-katilan-riyad-muhalefeti-heyetini","status":"publish","type":"post","link":"https:\/\/archive.sana.sy\/tr\/?p=69507","title":{"rendered":"Suriye heyeti ba\u015fkan\u0131 Caferi; i\u015fgalci \u0130srail&#8217;in Golan topraklar\u0131ndaki provokat\u00f6r t\u0131rmand\u0131rmalar\u0131n\u0131n, Cenevre&#8217;de Suriyeliler aras\u0131ndaki g\u00f6r\u00fc\u015fmelere kat\u0131lan \u2018Riyad muhalefeti\u2019 heyetinin yine provokat\u00f6r ve sorumsuz t\u0131rmand\u0131rmalar\u0131n\u0131n e\u015f zamanl\u0131 gelmesinin kesinlikle tesad\u00fcf olmad\u0131\u011f\u0131n\u0131n alt\u0131n\u0131 \u00e7izdi"},"content":{"rendered":"<p>Suriye heyeti ba\u015fkan\u0131 Caferi; i\u015fgalci \u0130srail&#8217;in Golan topraklar\u0131ndaki provokat\u00f6r t\u0131rmand\u0131rmalar\u0131n\u0131n, Cenevre&#8217;de Suriyeliler aras\u0131ndaki g\u00f6r\u00fc\u015fmelere kat\u0131lan \u2018Riyad muhalefeti\u2019 heyetinin yine provokat\u00f6r ve sorumsuz t\u0131rmand\u0131rmalar\u0131n\u0131n e\u015f zamanl\u0131 gelmesinin kesinlikle tesad\u00fcf olmad\u0131\u011f\u0131n\u0131n alt\u0131n\u0131 \u00e7izdi<\/p>\n","protected":false},"excerpt":{"rendered":"<p>Suriye heyeti ba\u015fkan\u0131 Caferi; i\u015fgalci \u0130srail&#8217;in Golan topraklar\u0131ndaki provokat\u00f6r t\u0131rmand\u0131rmalar\u0131n\u0131n, Cenevre&#8217;de Suriyeliler aras\u0131ndaki g\u00f6r\u00fc\u015fmelere kat\u0131lan \u2018Riyad muhalefeti\u2019 heyetinin yine provokat\u00f6r ve sorumsuz t\u0131rmand\u0131rmalar\u0131n\u0131n e\u015f zamanl\u0131 gelmesinin kesinlikle tesad\u00fcf olmad\u0131\u011f\u0131n\u0131n alt\u0131n\u0131 \u00e7izdi<\/p>\n","protected":false},"author":1,"featured_media":0,"comment_status":"closed","ping_status":"closed","sticky":false,"template":"","format":"standard","meta":{"footnotes":""},"categories":[17991],"tags":[],"class_list":["post-69507","post","type-post","status-publish","format-standard","","category-son-dakika"],"_links":{"self":[{"href":"https:\/\/archive.sana.sy\/tr\/index.php?rest_route=\/wp\/v2\/posts\/69507","targetHints":{"allow":["GET"]}}],"collection":[{"href":"https:\/\/archive.sana.sy\/tr\/index.php?rest_route=\/wp\/v2\/posts"}],"about":[{"href":"https:\/\/archive.sana.sy\/tr\/index.php?rest_route=\/wp\/v2\/types\/post"}],"author":[{"embeddable":true,"href":"https:\/\/archive.sana.sy\/tr\/index.php?rest_route=\/wp\/v2\/users\/1"}],"replies":[{"embeddable":true,"href":"https:\/\/archive.sana.sy\/tr\/index.php?rest_route=%2Fwp%2Fv2%2Fcomments&post=69507"}],"version-history":[{"count":0,"href":"https:\/\/archive.sana.sy\/tr\/index.php?rest_route=\/wp\/v2\/posts\/69507\/revisions"}],"wp:attachment":[{"href":"https:\/\/archive.sana.sy\/tr\/index.php?rest_route=%2Fwp%2Fv2%2Fmedia&parent=69507"}],"wp:term":[{"taxonomy":"category","embeddable":true,"href":"https:\/\/archive.sana.sy\/tr\/index.php?rest_route=%2Fwp%2Fv2%2Fcategories&post=69507"},{"taxonomy":"post_tag","embeddable":true,"href":"https:\/\/archive.sana.sy\/tr\/index.php?rest_route=%2Fwp%2Fv2%2Ftags&post=69507"}],"curies":[{"name":"wp","href":"https:\/\/api.w.org\/{rel}","templated":true}]}}