{"id":69508,"date":"2016-04-18T14:20:25","date_gmt":"2016-04-18T11:20:25","guid":{"rendered":"http:\/\/www.sana.sy\/tr\/?p=69508"},"modified":"2016-04-18T14:52:07","modified_gmt":"2016-04-18T11:52:07","slug":"heyetin-suriyenin-israil-isgali-altindaki-golan-topraklarini-bm-misaki-ve-guvenlik-konseyi-kararlarinin-mumkun-kildigi-tum-vesilelerle-4-haziran-1967-yili-sinirlarina-kadar-geri-alma-hakkini-de-mis","status":"publish","type":"post","link":"https:\/\/archive.sana.sy\/tr\/?p=69508","title":{"rendered":"Heyetin, Suriye&#8217;nin \u0130srail i\u015fgali alt\u0131ndaki Golan topraklar\u0131n\u0131 BM misak\u0131 ve G\u00fcvenlik Konseyi kararlar\u0131n\u0131n m\u00fcmk\u00fcn k\u0131ld\u0131\u011f\u0131 t\u00fcm vesilelerle 4 haziran 1967 y\u0131l\u0131 s\u0131n\u0131rlar\u0131na kadar geri alma hakk\u0131n\u0131 de Mistura\u2019ya vurgulad\u0131\u011f\u0131n\u0131 ifade eden Caferi; Golan topraklar\u0131n\u0131n BM misak\u0131 ve BMGK kararlar\u0131nca i\u015fgal edilmi\u015f Suriyeli topraklar oldu\u011funa da dikkatini \u00e7ekti\u011fini s\u00f6zlerine ekledi"},"content":{"rendered":"<p>Heyetin, Suriye&#8217;nin \u0130srail i\u015fgali alt\u0131ndaki Golan topraklar\u0131n\u0131 BM misak\u0131 ve G\u00fcvenlik Konseyi kararlar\u0131n\u0131n m\u00fcmk\u00fcn k\u0131ld\u0131\u011f\u0131 t\u00fcm vesilelerle 4 haziran 1967 y\u0131l\u0131 s\u0131n\u0131rlar\u0131na kadar geri alma hakk\u0131n\u0131 de Mistura\u2019ya vurgulad\u0131\u011f\u0131n\u0131 ifade eden Caferi; Golan topraklar\u0131n\u0131n BM misak\u0131 ve BMGK kararlar\u0131nca i\u015fgal edilmi\u015f Suriyeli topraklar oldu\u011funa da dikkatini \u00e7ekti\u011fini s\u00f6zlerine ekledi<\/p>\n","protected":false},"excerpt":{"rendered":"<p>Heyetin, Suriye&#8217;nin \u0130srail i\u015fgali alt\u0131ndaki Golan topraklar\u0131n\u0131 BM misak\u0131 ve G\u00fcvenlik Konseyi kararlar\u0131n\u0131n m\u00fcmk\u00fcn k\u0131ld\u0131\u011f\u0131 t\u00fcm vesilelerle 4 haziran 1967 y\u0131l\u0131 s\u0131n\u0131rlar\u0131na kadar geri alma hakk\u0131n\u0131 de Mistura\u2019ya vurgulad\u0131\u011f\u0131n\u0131 ifade eden Caferi; Golan topraklar\u0131n\u0131n BM misak\u0131 ve BMGK kararlar\u0131nca i\u015fgal edilmi\u015f Suriyeli topraklar oldu\u011funa da dikkatini \u00e7ekti\u011fini s\u00f6zlerine ekledi<\/p>\n","protected":false},"author":1,"featured_media":0,"comment_status":"closed","ping_status":"closed","sticky":false,"template":"","format":"standard","meta":{"footnotes":""},"categories":[17991],"tags":[],"class_list":["post-69508","post","type-post","status-publish","format-standard","","category-son-dakika"],"_links":{"self":[{"href":"https:\/\/archive.sana.sy\/tr\/index.php?rest_route=\/wp\/v2\/posts\/69508","targetHints":{"allow":["GET"]}}],"collection":[{"href":"https:\/\/archive.sana.sy\/tr\/index.php?rest_route=\/wp\/v2\/posts"}],"about":[{"href":"https:\/\/archive.sana.sy\/tr\/index.php?rest_route=\/wp\/v2\/types\/post"}],"author":[{"embeddable":true,"href":"https:\/\/archive.sana.sy\/tr\/index.php?rest_route=\/wp\/v2\/users\/1"}],"replies":[{"embeddable":true,"href":"https:\/\/archive.sana.sy\/tr\/index.php?rest_route=%2Fwp%2Fv2%2Fcomments&post=69508"}],"version-history":[{"count":0,"href":"https:\/\/archive.sana.sy\/tr\/index.php?rest_route=\/wp\/v2\/posts\/69508\/revisions"}],"wp:attachment":[{"href":"https:\/\/archive.sana.sy\/tr\/index.php?rest_route=%2Fwp%2Fv2%2Fmedia&parent=69508"}],"wp:term":[{"taxonomy":"category","embeddable":true,"href":"https:\/\/archive.sana.sy\/tr\/index.php?rest_route=%2Fwp%2Fv2%2Fcategories&post=69508"},{"taxonomy":"post_tag","embeddable":true,"href":"https:\/\/archive.sana.sy\/tr\/index.php?rest_route=%2Fwp%2Fv2%2Ftags&post=69508"}],"curies":[{"name":"wp","href":"https:\/\/api.w.org\/{rel}","templated":true}]}}