{"id":69512,"date":"2016-04-18T14:45:41","date_gmt":"2016-04-18T11:45:41","guid":{"rendered":"http:\/\/www.sana.sy\/tr\/?p=69512"},"modified":"2016-04-18T15:00:36","modified_gmt":"2016-04-18T12:00:36","slug":"suriye-heyetinin-de-misturaya-bmnin-new-yorkta-yapilandirdigini-cenevrede-tekrar-yiktigini-acikladigina-dikkat-ceken-caferi-oyle-ki-bmgknin-ahrar-el-sam-islami-h","status":"publish","type":"post","link":"https:\/\/archive.sana.sy\/tr\/?p=69512","title":{"rendered":"Suriye heyetinin de Mistura\u2019ya BM\u2019nin New York\u2019ta yap\u0131land\u0131rd\u0131\u011f\u0131n\u0131 Cenevre&#8217;de tekrar y\u0131kt\u0131\u011f\u0131n\u0131 a\u00e7\u0131klad\u0131\u011f\u0131na dikkat \u00e7eken Caferi; \u00f6yle ki BMGK\u2019nin Ahrar el \u015eam \u0130slami Hareketinin m\u00fcft\u00fcs\u00fcn\u00fc ter\u00f6rist olarak nitelendirdi\u011fi bir zamanda Suudi Arabistan heyetinin BM\u2019nin onay\u0131 ile bu hareketin temsilcisini diyalog g\u00f6r\u00fc\u015fmelerine getirdi\u011fini ifade etti"},"content":{"rendered":"<p>Suriye heyetinin de Mistura\u2019ya BM\u2019nin New York\u2019ta yap\u0131land\u0131rd\u0131\u011f\u0131n\u0131 Cenevre&#8217;de tekrar y\u0131kt\u0131\u011f\u0131n\u0131 a\u00e7\u0131klad\u0131\u011f\u0131na dikkat \u00e7eken Caferi; \u00f6yle ki BMGK\u2019nin Ahrar el \u015eam \u0130slami Hareketinin m\u00fcft\u00fcs\u00fcn\u00fc ter\u00f6rist olarak nitelendirdi\u011fi bir zamanda Suudi Arabistan heyetinin BM\u2019nin onay\u0131 ile bu hareketin temsilcisini diyalog g\u00f6r\u00fc\u015fmelerine getirdi\u011fini ifade etti<\/p>\n","protected":false},"excerpt":{"rendered":"<p>Suriye heyetinin de Mistura\u2019ya BM\u2019nin New York\u2019ta yap\u0131land\u0131rd\u0131\u011f\u0131n\u0131 Cenevre&#8217;de tekrar y\u0131kt\u0131\u011f\u0131n\u0131 a\u00e7\u0131klad\u0131\u011f\u0131na dikkat \u00e7eken Caferi; \u00f6yle ki BMGK\u2019nin Ahrar el \u015eam \u0130slami Hareketinin m\u00fcft\u00fcs\u00fcn\u00fc ter\u00f6rist olarak nitelendirdi\u011fi bir zamanda Suudi Arabistan heyetinin BM\u2019nin onay\u0131 ile bu hareketin temsilcisini diyalog g\u00f6r\u00fc\u015fmelerine getirdi\u011fini ifade etti<\/p>\n","protected":false},"author":1,"featured_media":0,"comment_status":"closed","ping_status":"closed","sticky":false,"template":"","format":"standard","meta":{"footnotes":""},"categories":[17991],"tags":[],"class_list":["post-69512","post","type-post","status-publish","format-standard","","category-son-dakika"],"_links":{"self":[{"href":"https:\/\/archive.sana.sy\/tr\/index.php?rest_route=\/wp\/v2\/posts\/69512","targetHints":{"allow":["GET"]}}],"collection":[{"href":"https:\/\/archive.sana.sy\/tr\/index.php?rest_route=\/wp\/v2\/posts"}],"about":[{"href":"https:\/\/archive.sana.sy\/tr\/index.php?rest_route=\/wp\/v2\/types\/post"}],"author":[{"embeddable":true,"href":"https:\/\/archive.sana.sy\/tr\/index.php?rest_route=\/wp\/v2\/users\/1"}],"replies":[{"embeddable":true,"href":"https:\/\/archive.sana.sy\/tr\/index.php?rest_route=%2Fwp%2Fv2%2Fcomments&post=69512"}],"version-history":[{"count":0,"href":"https:\/\/archive.sana.sy\/tr\/index.php?rest_route=\/wp\/v2\/posts\/69512\/revisions"}],"wp:attachment":[{"href":"https:\/\/archive.sana.sy\/tr\/index.php?rest_route=%2Fwp%2Fv2%2Fmedia&parent=69512"}],"wp:term":[{"taxonomy":"category","embeddable":true,"href":"https:\/\/archive.sana.sy\/tr\/index.php?rest_route=%2Fwp%2Fv2%2Fcategories&post=69512"},{"taxonomy":"post_tag","embeddable":true,"href":"https:\/\/archive.sana.sy\/tr\/index.php?rest_route=%2Fwp%2Fv2%2Ftags&post=69512"}],"curies":[{"name":"wp","href":"https:\/\/api.w.org\/{rel}","templated":true}]}}