{"id":69566,"date":"2016-04-18T16:34:31","date_gmt":"2016-04-18T13:34:31","guid":{"rendered":"http:\/\/sana.sy\/tr\/?p=69566"},"modified":"2016-04-19T14:58:57","modified_gmt":"2016-04-19T11:58:57","slug":"turkiye-rejimi-suriyeye-dusmanligini-muhtelif-sekillerde-surduruyor","status":"publish","type":"post","link":"https:\/\/archive.sana.sy\/tr\/?p=69566","title":{"rendered":"T\u00fcrkiye Rejimi Suriye&#8217;ye D\u00fc\u015fmanl\u0131\u011f\u0131n\u0131 Muhtelif \u015eekillerde S\u00fcrd\u00fcr\u00fcyor"},"content":{"rendered":"<p>MOSKOVA \u2013 Rusya D\u0131\u015fi\u015fleri Bakan\u0131 Sergey Lavrov; Rusya\u2019n\u0131n Cenevre\u2019de Suriye konusunda hi\u00e7bir gizli temasta bulunmad\u0131\u011f\u0131n\u0131 belirtti.<\/p>\n<p>\u00c7inli mevkida\u015f\u0131 Wang Yi ve Hindistanl\u0131 mevkida\u015f\u0131 Sushma Swaraj ile bug\u00fcn Moskova\u2019da bulundu\u011fu temaslar\u0131n ard\u0131ndan d\u00fczenledikleri ortak bas\u0131n toplant\u0131s\u0131nda Lavrov; Rusya&#8217;n\u0131n Uluslararas\u0131 Suriye Dostlar\u0131 Grubu ve ona tabi iki yan grup \u00e7er\u00e7evesinde ABD ile normal ve aleni g\u00f6r\u00fc\u015fmelerde bulundu\u011funu belirtti. Lavrov Rusya ve ABD aras\u0131nda Cenevre\u2019de gizli g\u00f6r\u00fc\u015fmelerin bulundu\u011funa ili\u015fkin as\u0131ls\u0131z iddialar\u0131n amac\u0131n\u0131n Cenevre s\u00fcreci ve Suriye\u2019nin gelece\u011finin sadece Suriye halk\u0131 taraf\u0131ndan belirlenece\u011fini \u00f6ng\u00f6ren BMGK karar\u0131n\u0131 baltalamak oldu\u011funun alt\u0131n\u0131 \u00e7izdi.<\/p>\n<p>Lavrov Rusya\u2019n\u0131n ABD ile birlikte \u00f6zellikle g\u00f6r\u00fc\u015fmelerde m\u00fcmk\u00fcn oldu\u011funca Suriyeli geni\u015f bir kat\u0131l\u0131m\u0131n olmas\u0131 ba\u015fta olmak \u00fczere Cenevre s\u00fcrecinde de Mistura\u2019ya yard\u0131mc\u0131 olmaya \u00e7al\u0131\u015ft\u0131\u011f\u0131n\u0131 ifade etti. Bu g\u00f6r\u00fc\u015fmelerde geni\u015f kat\u0131l\u0131m\u0131n en \u00f6nemli \u015fey oldu\u011funa dikkat \u00e7eken Lavrov; dolay\u0131s\u0131yla ABD\u2019nin m\u00fcttefiki T\u00fcrkiye&#8217;yi bu konuda ikna etmesi ve Suriyeli K\u00fcrtlerin kat\u0131l\u0131m\u0131n\u0131 engelleme \u00e7abalar\u0131ndan cayd\u0131rmas\u0131 gere\u011fini belirtti.<\/p>\n<p>Suriye ordusunun Halep yak\u0131nlar\u0131nda Rus hava g\u00fc\u00e7lerinin deste\u011fi ile I\u015e\u0130D ve Nusra Cephesine kar\u015f\u0131 sava\u015ft\u0131\u011f\u0131na vurgu yapan Lavrov; Suriye ordusu ya da Rus hava g\u00fc\u00e7lerin \u00e7at\u0131\u015fmalar\u0131 durdurma anla\u015fmas\u0131n\u0131 kabul eden silahl\u0131 gruplar\u0131 kesinlikle hedef almad\u0131\u011f\u0131n\u0131n alt\u0131n\u0131 \u00e7izdi. Lavrov I\u015e\u0130D ve Nusra Cephesinin Halep ilinde konumlar\u0131n\u0131 iyile\u015ftirmeye \u00e7al\u0131\u015ft\u0131klar\u0131na ve Suriye ordusu mevkilerine sald\u0131rd\u0131klar\u0131na dikkat \u00e7ekerken, bu \u00f6rg\u00fctleri hedef alman\u0131n ise Suriye&#8217;de ter\u00f6re kar\u015f\u0131 sava\u015fan herkesin me\u015fru ve kanuni hakk\u0131 oldu\u011funun alt\u0131n\u0131 \u00e7izdi.<\/p>\n<p>Rusya D\u0131\u015fi\u015fleri Bakan\u0131 Lavrov T\u00fcrkiye rejiminin Suriye\u2019ye y\u00f6nelik d\u00fc\u015fmanl\u0131\u011f\u0131n\u0131 muhtelif \u015fekillerde s\u00fcrd\u00fcrd\u00fc\u011f\u00fcn\u00fc, Rusya\u2019n\u0131n da AB\u2019nin bu konuda tepki g\u00f6stermemesinden endi\u015feli oldu\u011funu ifade etti. Rusya&#8217;n\u0131n ABD\u2019ye Suriye T\u00fcrkiye s\u0131n\u0131rlar\u0131n\u0131n kontrol edilmesinde m\u00fcdahale etme \u00e7a\u011fr\u0131s\u0131na ra\u011fmen T\u00fcrkiye&#8217;den Suriye&#8217;ye ter\u00f6rist ve askeri destek ge\u00e7i\u015finin \u015fu ana dek devam etti\u011fini vurgulayan Lavrov; T\u00fcrkiye rejiminin Suriye&#8217;ye direk askeri sald\u0131r\u0131ya \u00f6rt\u00fc temin etme hayallerinden caymamas\u0131n\u0131n da endi\u015fe verici bir durum oldu\u011funu s\u00f6yledi.<\/p>\n","protected":false},"excerpt":{"rendered":"<p>MOSKOVA \u2013 Rusya D\u0131\u015fi\u015fleri Bakan\u0131 Sergey Lavrov; Rusya\u2019n\u0131n Cenevre\u2019de Suriye konusunda hi\u00e7bir gizli temasta bulunmad\u0131\u011f\u0131n\u0131 belirtti. \u00c7inli mevkida\u015f\u0131 Wang Yi ve Hindistanl\u0131 mevkida\u015f\u0131 Sushma Swaraj ile bug\u00fcn Moskova\u2019da bulundu\u011fu temaslar\u0131n ard\u0131ndan d\u00fczenledikleri ortak bas\u0131n toplant\u0131s\u0131nda Lavrov; Rusya&#8217;n\u0131n Uluslararas\u0131 Suriye Dostlar\u0131 Grubu ve ona tabi iki yan grup \u00e7er\u00e7evesinde ABD ile normal ve aleni g\u00f6r\u00fc\u015fmelerde bulundu\u011funu &hellip;<\/p>\n","protected":false},"author":1,"featured_media":69570,"comment_status":"closed","ping_status":"closed","sticky":false,"template":"","format":"standard","meta":{"footnotes":""},"categories":[17988,2554,2555],"tags":[],"class_list":["post-69566","post","type-post","status-publish","format-standard","has-post-thumbnail","","category-son-haberler","category-suriye-ve-dunya","category-suriye-ve-turkiye"],"_links":{"self":[{"href":"https:\/\/archive.sana.sy\/tr\/index.php?rest_route=\/wp\/v2\/posts\/69566","targetHints":{"allow":["GET"]}}],"collection":[{"href":"https:\/\/archive.sana.sy\/tr\/index.php?rest_route=\/wp\/v2\/posts"}],"about":[{"href":"https:\/\/archive.sana.sy\/tr\/index.php?rest_route=\/wp\/v2\/types\/post"}],"author":[{"embeddable":true,"href":"https:\/\/archive.sana.sy\/tr\/index.php?rest_route=\/wp\/v2\/users\/1"}],"replies":[{"embeddable":true,"href":"https:\/\/archive.sana.sy\/tr\/index.php?rest_route=%2Fwp%2Fv2%2Fcomments&post=69566"}],"version-history":[{"count":0,"href":"https:\/\/archive.sana.sy\/tr\/index.php?rest_route=\/wp\/v2\/posts\/69566\/revisions"}],"wp:featuredmedia":[{"embeddable":true,"href":"https:\/\/archive.sana.sy\/tr\/index.php?rest_route=\/wp\/v2\/media\/69570"}],"wp:attachment":[{"href":"https:\/\/archive.sana.sy\/tr\/index.php?rest_route=%2Fwp%2Fv2%2Fmedia&parent=69566"}],"wp:term":[{"taxonomy":"category","embeddable":true,"href":"https:\/\/archive.sana.sy\/tr\/index.php?rest_route=%2Fwp%2Fv2%2Fcategories&post=69566"},{"taxonomy":"post_tag","embeddable":true,"href":"https:\/\/archive.sana.sy\/tr\/index.php?rest_route=%2Fwp%2Fv2%2Ftags&post=69566"}],"curies":[{"name":"wp","href":"https:\/\/api.w.org\/{rel}","templated":true}]}}