{"id":69592,"date":"2016-04-18T20:57:42","date_gmt":"2016-04-18T17:57:42","guid":{"rendered":"http:\/\/sana.sy\/tr\/?p=69592"},"modified":"2016-04-18T16:58:55","modified_gmt":"2016-04-18T13:58:55","slug":"ukraynadaki-gurbetcilerimiz-kurtulus-bayraminin-70-yildonumunu-kutladi","status":"publish","type":"post","link":"https:\/\/archive.sana.sy\/tr\/?p=69592","title":{"rendered":"Ukrayna\u2019daki gurbet\u00e7ilerimiz Kurtulu\u015f bayram\u0131n\u0131n 70. Y\u0131ld\u00f6n\u00fcm\u00fcn\u00fc Kutlad\u0131"},"content":{"rendered":"<p>Ukrayna\u2019daki gurbet\u00e7ilerimiz Kurtulu\u015f bayram\u0131n\u0131n 70. Y\u0131ld\u00f6n\u00fcm\u00fcn\u00fc Kutlad\u0131<\/p>\n","protected":false},"excerpt":{"rendered":"<p>Ukrayna\u2019daki gurbet\u00e7ilerimiz Kurtulu\u015f bayram\u0131n\u0131n 70. Y\u0131ld\u00f6n\u00fcm\u00fcn\u00fc Kutlad\u0131<\/p>\n","protected":false},"author":1,"featured_media":69593,"comment_status":"closed","ping_status":"closed","sticky":false,"template":"","format":"standard","meta":{"footnotes":""},"categories":[573],"tags":[],"class_list":["post-69592","post","type-post","status-publish","format-standard","has-post-thumbnail","","category-goruntulu-olaylar"],"_links":{"self":[{"href":"https:\/\/archive.sana.sy\/tr\/index.php?rest_route=\/wp\/v2\/posts\/69592","targetHints":{"allow":["GET"]}}],"collection":[{"href":"https:\/\/archive.sana.sy\/tr\/index.php?rest_route=\/wp\/v2\/posts"}],"about":[{"href":"https:\/\/archive.sana.sy\/tr\/index.php?rest_route=\/wp\/v2\/types\/post"}],"author":[{"embeddable":true,"href":"https:\/\/archive.sana.sy\/tr\/index.php?rest_route=\/wp\/v2\/users\/1"}],"replies":[{"embeddable":true,"href":"https:\/\/archive.sana.sy\/tr\/index.php?rest_route=%2Fwp%2Fv2%2Fcomments&post=69592"}],"version-history":[{"count":0,"href":"https:\/\/archive.sana.sy\/tr\/index.php?rest_route=\/wp\/v2\/posts\/69592\/revisions"}],"wp:featuredmedia":[{"embeddable":true,"href":"https:\/\/archive.sana.sy\/tr\/index.php?rest_route=\/wp\/v2\/media\/69593"}],"wp:attachment":[{"href":"https:\/\/archive.sana.sy\/tr\/index.php?rest_route=%2Fwp%2Fv2%2Fmedia&parent=69592"}],"wp:term":[{"taxonomy":"category","embeddable":true,"href":"https:\/\/archive.sana.sy\/tr\/index.php?rest_route=%2Fwp%2Fv2%2Fcategories&post=69592"},{"taxonomy":"post_tag","embeddable":true,"href":"https:\/\/archive.sana.sy\/tr\/index.php?rest_route=%2Fwp%2Fv2%2Ftags&post=69592"}],"curies":[{"name":"wp","href":"https:\/\/api.w.org\/{rel}","templated":true}]}}