{"id":6964,"date":"2014-08-10T17:31:22","date_gmt":"2014-08-10T14:31:22","guid":{"rendered":"http:\/\/www.sana.sy\/tr\/?p=6964"},"modified":"2014-08-10T17:31:22","modified_gmt":"2014-08-10T14:31:22","slug":"ersalin-tum-civari-lubnan-ordusunun-elinde","status":"publish","type":"post","link":"https:\/\/archive.sana.sy\/tr\/?p=6964","title":{"rendered":"Ersal\u2019\u0131n T\u00fcm Civar\u0131 L\u00fcbnan Ordusunun Elinde"},"content":{"rendered":"<p>BEYRUT \u2013 L\u00fcbnan ordusu Suriye s\u0131n\u0131rlar\u0131na yak\u0131n Ersal Beldesinin t\u00fcm etraf\u0131n\u0131 tamamen kontrol\u00fcne alarak b\u00f6lgede z\u0131rhl\u0131 ara\u00e7larla devriyeler dola\u015ft\u0131rmaya ba\u015flad\u0131.<\/p>\n<p>L\u00fcbnan Ulusal Enformasyon Ajans\u0131; Ersal B\u00f6lgesindeki tekfirci ter\u00f6r \u00e7etelerinin b\u00f6lgeden \u00e7ekilmeleri ard\u0131ndan L\u00fcbnan ordusunun yeni bir sald\u0131r\u0131ya \u00f6nlem olarak belde ve civar\u0131nda yeniden konu\u015fland\u0131\u011f\u0131n\u0131 aktard\u0131.<\/p>\n","protected":false},"excerpt":{"rendered":"<p>BEYRUT \u2013 L\u00fcbnan ordusu Suriye s\u0131n\u0131rlar\u0131na yak\u0131n Ersal Beldesinin t\u00fcm etraf\u0131n\u0131 tamamen kontrol\u00fcne alarak b\u00f6lgede z\u0131rhl\u0131 ara\u00e7larla devriyeler dola\u015ft\u0131rmaya ba\u015flad\u0131. L\u00fcbnan Ulusal Enformasyon Ajans\u0131; Ersal B\u00f6lgesindeki tekfirci ter\u00f6r \u00e7etelerinin b\u00f6lgeden \u00e7ekilmeleri ard\u0131ndan L\u00fcbnan ordusunun yeni bir sald\u0131r\u0131ya \u00f6nlem olarak belde ve civar\u0131nda yeniden konu\u015fland\u0131\u011f\u0131n\u0131 aktard\u0131.<\/p>\n","protected":false},"author":1,"featured_media":6965,"comment_status":"closed","ping_status":"closed","sticky":false,"template":"","format":"standard","meta":{"footnotes":""},"categories":[458,459,447],"tags":[1559],"class_list":["post-6964","post","type-post","status-publish","format-standard","has-post-thumbnail","","category-dunya1","category-haberler-arap-uluslararasi-politika","category-politika","tag-ersalin-tum-civari-lubnan-ordusunun-elinde"],"_links":{"self":[{"href":"https:\/\/archive.sana.sy\/tr\/index.php?rest_route=\/wp\/v2\/posts\/6964","targetHints":{"allow":["GET"]}}],"collection":[{"href":"https:\/\/archive.sana.sy\/tr\/index.php?rest_route=\/wp\/v2\/posts"}],"about":[{"href":"https:\/\/archive.sana.sy\/tr\/index.php?rest_route=\/wp\/v2\/types\/post"}],"author":[{"embeddable":true,"href":"https:\/\/archive.sana.sy\/tr\/index.php?rest_route=\/wp\/v2\/users\/1"}],"replies":[{"embeddable":true,"href":"https:\/\/archive.sana.sy\/tr\/index.php?rest_route=%2Fwp%2Fv2%2Fcomments&post=6964"}],"version-history":[{"count":0,"href":"https:\/\/archive.sana.sy\/tr\/index.php?rest_route=\/wp\/v2\/posts\/6964\/revisions"}],"wp:featuredmedia":[{"embeddable":true,"href":"https:\/\/archive.sana.sy\/tr\/index.php?rest_route=\/wp\/v2\/media\/6965"}],"wp:attachment":[{"href":"https:\/\/archive.sana.sy\/tr\/index.php?rest_route=%2Fwp%2Fv2%2Fmedia&parent=6964"}],"wp:term":[{"taxonomy":"category","embeddable":true,"href":"https:\/\/archive.sana.sy\/tr\/index.php?rest_route=%2Fwp%2Fv2%2Fcategories&post=6964"},{"taxonomy":"post_tag","embeddable":true,"href":"https:\/\/archive.sana.sy\/tr\/index.php?rest_route=%2Fwp%2Fv2%2Ftags&post=6964"}],"curies":[{"name":"wp","href":"https:\/\/api.w.org\/{rel}","templated":true}]}}