{"id":69664,"date":"2016-04-19T13:14:55","date_gmt":"2016-04-19T10:14:55","guid":{"rendered":"http:\/\/sana.sy\/tr\/?p=69664"},"modified":"2016-04-20T10:29:52","modified_gmt":"2016-04-20T07:29:52","slug":"bm-gorevlileri-ve-uluslar-arasi-gozlemciler-bunu-itiraf-ettiler","status":"publish","type":"post","link":"https:\/\/archive.sana.sy\/tr\/?p=69664","title":{"rendered":"BM G\u00f6revlileri ve Uluslar aras\u0131 G\u00f6zlemciler Bunu \u0130tiraf Ettiler"},"content":{"rendered":"<p>MOSKOVA \u2013 Rusya&#8217;n\u0131n BM B\u00fcy\u00fckel\u00e7isi Aleksey Borodavkin Cenevre&#8217;de Suriyeliler aras\u0131ndaki diyalog g\u00f6r\u00fc\u015fmelerinde \u2018Riyad muhalefeti\u2019 heyetinin b\u00fcy\u00fck \u00e7o\u011funlu\u011funun, ba\u015ftan beri herhangi bir diyalogu reddeden ve s\u00fcrekli olarak \u00f6nko\u015fullar koymaya \u00e7al\u0131\u015fan radikallerden olu\u015ftu\u011funu belirtti.<\/p>\n<p>Borodavkin Rus Tass haber ajans\u0131na bug\u00fcn yapt\u0131\u011f\u0131 a\u00e7\u0131klamada; Cenevre g\u00f6r\u00fc\u015fmelerinde Suriye Arap Cumhuriyeti heyetinin gayet olumlu ve yap\u0131c\u0131 davrand\u0131\u011f\u0131n\u0131, BM g\u00f6revlileri ve uluslar aras\u0131 g\u00f6zlemcilerin de bu ger\u00e7e\u011fi net bir \u015fekilde itiraf ettiklerine dikkat \u00e7ekti. Suriye heyetinin diyalog g\u00f6r\u00fc\u015fmelerine iyi haz\u0131rland\u0131\u011f\u0131n\u0131 belirten Borodavkin; ayr\u0131ca net ve a\u00e7\u0131k g\u00f6r\u00fc\u015fmelerin olmas\u0131na, bu g\u00f6r\u00fc\u015fmelerden de sonu\u00e7 al\u0131nmas\u0131na \u00f6zen g\u00f6sterdi\u011fini ifade etti.<\/p>\n<p>\u2018Riyad muhalefeti\u2019 heyetinin g\u00f6r\u00fc\u015fmelere kat\u0131l\u0131m\u0131n\u0131 ask\u0131ya almas\u0131 konusunda ise Borodavkin; heyetin belli ba\u015fl\u0131 bir k\u0131s\u0131m devletler taraf\u0131ndan desteklenen radikallerin \u00e7o\u011funlu\u011fundan olu\u015ftu\u011funun alt\u0131n\u0131 \u00e7izdi. Bu radikallerin ba\u015ftan beri diyalogu reddettiklerini ve Suriye&#8217;de \u015fiddet ve ter\u00f6r\u00fcn devam etmesini istediklerini ifade eden Borodavkin; bu heyetin \u00f6ne s\u00fcrd\u00fc\u011f\u00fc nedenlerin hi\u00e7bir ge\u00e7erlili\u011fi ya da ikna \u00f6zelli\u011fi olmad\u0131\u011f\u0131n\u0131n alt\u0131n\u0131 \u00e7izdi.<\/p>\n<p>\u00d6te yandan Borodavkin Suriye ordusunun Rus hava g\u00fc\u00e7lerinin deste\u011fi ile Suriye&#8217;de I\u015e\u0130D ve Nusra Cephesine kar\u015f\u0131 sava\u015f\u0131n\u0131 s\u00fcrd\u00fcrece\u011fini vurgulad\u0131.<\/p>\n<p>\u0130nsani durumlar konusunda ise Borodavkin; Suriye&#8217;nin muhtelif b\u00f6lgelerine insani yard\u0131m konvoylar\u0131n\u0131n ge\u00e7irildi\u011fini belirtirken, \u2018Riyad muhalefeti\u2019 heyetinin \u201cSuriye&#8217;de insani durumlar\u0131n daha k\u00f6t\u00fcye gitti\u011fini\u201d iddia etmekle ger\u00e7ekleri kas\u0131tl\u0131 bir \u015fekilde \u00e7arp\u0131tmaya \u00e7al\u0131\u015ft\u0131\u011f\u0131n\u0131n alt\u0131n\u0131 \u00e7izdi.<\/p>\n<p>R.H.<\/p>\n","protected":false},"excerpt":{"rendered":"<p>MOSKOVA \u2013 Rusya&#8217;n\u0131n BM B\u00fcy\u00fckel\u00e7isi Aleksey Borodavkin Cenevre&#8217;de Suriyeliler aras\u0131ndaki diyalog g\u00f6r\u00fc\u015fmelerinde \u2018Riyad muhalefeti\u2019 heyetinin b\u00fcy\u00fck \u00e7o\u011funlu\u011funun, ba\u015ftan beri herhangi bir diyalogu reddeden ve s\u00fcrekli olarak \u00f6nko\u015fullar koymaya \u00e7al\u0131\u015fan radikallerden olu\u015ftu\u011funu belirtti. Borodavkin Rus Tass haber ajans\u0131na bug\u00fcn yapt\u0131\u011f\u0131 a\u00e7\u0131klamada; Cenevre g\u00f6r\u00fc\u015fmelerinde Suriye Arap Cumhuriyeti heyetinin gayet olumlu ve yap\u0131c\u0131 davrand\u0131\u011f\u0131n\u0131, BM g\u00f6revlileri ve uluslar &hellip;<\/p>\n","protected":false},"author":1,"featured_media":69668,"comment_status":"closed","ping_status":"closed","sticky":false,"template":"","format":"standard","meta":{"footnotes":""},"categories":[458,459,17988],"tags":[20589,20590],"class_list":["post-69664","post","type-post","status-publish","format-standard","has-post-thumbnail","","category-dunya1","category-haberler-arap-uluslararasi-politika","category-son-haberler","tag-bm-gorevlileri-ve-uluslar-arasi-gozlemciler-bunu-itiraf-ettiler","tag-rusyanin-bm-buyukelcisi-aleksey-borodavkin"],"_links":{"self":[{"href":"https:\/\/archive.sana.sy\/tr\/index.php?rest_route=\/wp\/v2\/posts\/69664","targetHints":{"allow":["GET"]}}],"collection":[{"href":"https:\/\/archive.sana.sy\/tr\/index.php?rest_route=\/wp\/v2\/posts"}],"about":[{"href":"https:\/\/archive.sana.sy\/tr\/index.php?rest_route=\/wp\/v2\/types\/post"}],"author":[{"embeddable":true,"href":"https:\/\/archive.sana.sy\/tr\/index.php?rest_route=\/wp\/v2\/users\/1"}],"replies":[{"embeddable":true,"href":"https:\/\/archive.sana.sy\/tr\/index.php?rest_route=%2Fwp%2Fv2%2Fcomments&post=69664"}],"version-history":[{"count":0,"href":"https:\/\/archive.sana.sy\/tr\/index.php?rest_route=\/wp\/v2\/posts\/69664\/revisions"}],"wp:featuredmedia":[{"embeddable":true,"href":"https:\/\/archive.sana.sy\/tr\/index.php?rest_route=\/wp\/v2\/media\/69668"}],"wp:attachment":[{"href":"https:\/\/archive.sana.sy\/tr\/index.php?rest_route=%2Fwp%2Fv2%2Fmedia&parent=69664"}],"wp:term":[{"taxonomy":"category","embeddable":true,"href":"https:\/\/archive.sana.sy\/tr\/index.php?rest_route=%2Fwp%2Fv2%2Fcategories&post=69664"},{"taxonomy":"post_tag","embeddable":true,"href":"https:\/\/archive.sana.sy\/tr\/index.php?rest_route=%2Fwp%2Fv2%2Ftags&post=69664"}],"curies":[{"name":"wp","href":"https:\/\/api.w.org\/{rel}","templated":true}]}}