{"id":69666,"date":"2016-04-19T10:31:42","date_gmt":"2016-04-19T07:31:42","guid":{"rendered":"http:\/\/www.sana.sy\/tr\/?p=69666"},"modified":"2016-04-19T13:01:43","modified_gmt":"2016-04-19T10:01:43","slug":"rusyanin-bm-buyukelcisi-aleksey-borodavkin-cenevrede-suriyeliler-arasindaki-diyalog-gorusmelerinde-riyad-muhalefeti-heyetinin-buyuk-cogunlugunun-bastan-beri-herhangi-bir-diyalog","status":"publish","type":"post","link":"https:\/\/archive.sana.sy\/tr\/?p=69666","title":{"rendered":"Rusya&#8217;n\u0131n BM B\u00fcy\u00fckel\u00e7isi Aleksey Borodavkin Cenevre&#8217;de Suriyeliler aras\u0131ndaki diyalog g\u00f6r\u00fc\u015fmelerinde \u2018Riyad muhalefeti\u2019 heyetinin b\u00fcy\u00fck \u00e7o\u011funlu\u011funun, ba\u015ftan beri herhangi bir diyalogu reddeden ve s\u00fcrekli olarak \u00f6nko\u015fullar koymaya \u00e7al\u0131\u015fan radikallerden olu\u015ftu\u011funu belirtti"},"content":{"rendered":"<p>Rusya&#8217;n\u0131n BM B\u00fcy\u00fckel\u00e7isi Aleksey Borodavkin Cenevre&#8217;de Suriyeliler aras\u0131ndaki diyalog g\u00f6r\u00fc\u015fmelerinde \u2018Riyad muhalefeti\u2019 heyetinin b\u00fcy\u00fck \u00e7o\u011funlu\u011funun, ba\u015ftan beri herhangi bir diyalogu reddeden ve s\u00fcrekli olarak \u00f6nko\u015fullar koymaya \u00e7al\u0131\u015fan radikallerden olu\u015ftu\u011funu belirtti<\/p>\n","protected":false},"excerpt":{"rendered":"<p>Rusya&#8217;n\u0131n BM B\u00fcy\u00fckel\u00e7isi Aleksey Borodavkin Cenevre&#8217;de Suriyeliler aras\u0131ndaki diyalog g\u00f6r\u00fc\u015fmelerinde \u2018Riyad muhalefeti\u2019 heyetinin b\u00fcy\u00fck \u00e7o\u011funlu\u011funun, ba\u015ftan beri herhangi bir diyalogu reddeden ve s\u00fcrekli olarak \u00f6nko\u015fullar koymaya \u00e7al\u0131\u015fan radikallerden olu\u015ftu\u011funu belirtti<\/p>\n","protected":false},"author":1,"featured_media":0,"comment_status":"closed","ping_status":"closed","sticky":false,"template":"","format":"standard","meta":{"footnotes":""},"categories":[17991],"tags":[],"class_list":["post-69666","post","type-post","status-publish","format-standard","","category-son-dakika"],"_links":{"self":[{"href":"https:\/\/archive.sana.sy\/tr\/index.php?rest_route=\/wp\/v2\/posts\/69666","targetHints":{"allow":["GET"]}}],"collection":[{"href":"https:\/\/archive.sana.sy\/tr\/index.php?rest_route=\/wp\/v2\/posts"}],"about":[{"href":"https:\/\/archive.sana.sy\/tr\/index.php?rest_route=\/wp\/v2\/types\/post"}],"author":[{"embeddable":true,"href":"https:\/\/archive.sana.sy\/tr\/index.php?rest_route=\/wp\/v2\/users\/1"}],"replies":[{"embeddable":true,"href":"https:\/\/archive.sana.sy\/tr\/index.php?rest_route=%2Fwp%2Fv2%2Fcomments&post=69666"}],"version-history":[{"count":0,"href":"https:\/\/archive.sana.sy\/tr\/index.php?rest_route=\/wp\/v2\/posts\/69666\/revisions"}],"wp:attachment":[{"href":"https:\/\/archive.sana.sy\/tr\/index.php?rest_route=%2Fwp%2Fv2%2Fmedia&parent=69666"}],"wp:term":[{"taxonomy":"category","embeddable":true,"href":"https:\/\/archive.sana.sy\/tr\/index.php?rest_route=%2Fwp%2Fv2%2Fcategories&post=69666"},{"taxonomy":"post_tag","embeddable":true,"href":"https:\/\/archive.sana.sy\/tr\/index.php?rest_route=%2Fwp%2Fv2%2Ftags&post=69666"}],"curies":[{"name":"wp","href":"https:\/\/api.w.org\/{rel}","templated":true}]}}