{"id":69670,"date":"2016-04-19T13:31:05","date_gmt":"2016-04-19T10:31:05","guid":{"rendered":"http:\/\/www.sana.sy\/tr\/?p=69670"},"modified":"2016-04-20T16:55:47","modified_gmt":"2016-04-20T13:55:47","slug":"ihlal-ve-sivillere-saldirilari-devam-ediyor","status":"publish","type":"post","link":"https:\/\/archive.sana.sy\/tr\/?p=69670","title":{"rendered":"\u0130hlal ve Sivillere Sald\u0131r\u0131lar\u0131 Devam Ediyor"},"content":{"rendered":"<p>\u0130LLER \u2013 Belli ba\u015fl\u0131 kimi rejimlerin destekledikleri ter\u00f6r \u00f6rg\u00fctleri \u00e7at\u0131\u015fmalar\u0131 durdurma anla\u015fmas\u0131na yeni bir ihlalle bug\u00fcn muhtelif b\u00f6lgelerde savunmas\u0131z sivil insanlara ve \u00f6zel m\u00fclklere sald\u0131r\u0131lar\u0131n\u0131 s\u00fcrd\u00fcrd\u00fc.<\/p>\n<p><span style=\"color: #0000ff\">\u0130DL\u0130B:<\/span><\/p>\n<p>\u0130dlib k\u0131rsal\u0131n\u0131n kuzeyinde iki y\u0131ldan fazla bir s\u00fcredir Erdo\u011fan rejimine tabi tekfirci ter\u00f6ristlerin s\u0131k\u0131 ablukas\u0131 alt\u0131nda ya\u015fam m\u00fccadelesi veren Kefrayya Beldesinde yerel kaynaklar SANA ile telefon ba\u011flant\u0131lar\u0131nda; ter\u00f6ristlerin beldedeki sivil evleri geli\u015fig\u00fczel bir \u015fekilde f\u00fcze ve havan toplar\u0131yla hedef ald\u0131klar\u0131n\u0131 belirtti.<\/p>\n<p>Kaynaklar korkak sald\u0131r\u0131larda bir aileden 3 \u00e7ocu\u011fun \u015fehit, 5 \u00e7ocu\u011fun da yaral\u0131 d\u00fc\u015ft\u00fcklerini s\u00f6yledi.<\/p>\n<p><span style=\"color: #0000ff\">HAMA:<\/span><\/p>\n<p>Hama k\u0131rsal\u0131nda da yine Erdo\u011fan rejiminin destek ve komutas\u0131nda ter\u00f6r estiren tekfirci \u00e7eteler il k\u0131rsal\u0131n\u0131n kuzeybat\u0131s\u0131 Skaylbiye Kentine f\u00fcze ve havan roketleriyle sald\u0131rd\u0131.<\/p>\n<p>\u00c7at\u0131\u015fmalar\u0131 durdurma anla\u015fmas\u0131na yeni bir ihlal te\u015fkil eden s\u00f6z konusu sald\u0131r\u0131larda Hama Emniyet M\u00fcd\u00fcrl\u00fc\u011f\u00fcnde bir kayna\u011f\u0131n SANA\u2019ya yapt\u0131\u011f\u0131 a\u00e7\u0131klamalarda 2 vatanda\u015f \u015fehit, bir\u00e7ok vatanda\u015f da yaral\u0131 d\u00fc\u015ft\u00fc.<\/p>\n","protected":false},"excerpt":{"rendered":"<p>\u0130LLER \u2013 Belli ba\u015fl\u0131 kimi rejimlerin destekledikleri ter\u00f6r \u00f6rg\u00fctleri \u00e7at\u0131\u015fmalar\u0131 durdurma anla\u015fmas\u0131na yeni bir ihlalle bug\u00fcn muhtelif b\u00f6lgelerde savunmas\u0131z sivil insanlara ve \u00f6zel m\u00fclklere sald\u0131r\u0131lar\u0131n\u0131 s\u00fcrd\u00fcrd\u00fc. \u0130DL\u0130B: \u0130dlib k\u0131rsal\u0131n\u0131n kuzeyinde iki y\u0131ldan fazla bir s\u00fcredir Erdo\u011fan rejimine tabi tekfirci ter\u00f6ristlerin s\u0131k\u0131 ablukas\u0131 alt\u0131nda ya\u015fam m\u00fccadelesi veren Kefrayya Beldesinde yerel kaynaklar SANA ile telefon ba\u011flant\u0131lar\u0131nda; ter\u00f6ristlerin &hellip;<\/p>\n","protected":false},"author":1,"featured_media":69687,"comment_status":"closed","ping_status":"closed","sticky":false,"template":"","format":"standard","meta":{"footnotes":""},"categories":[479,575,17988,478],"tags":[20596,18237,20598,17274,17273,15945,20595,20599,19034,17320,2930,20597],"class_list":["post-69670","post","type-post","status-publish","format-standard","has-post-thumbnail","","category-haberler-yerel","category-olaylar-ve-gercekler","category-son-haberler","category-yerel","tag-ateskes-ihlali","tag-cihatcilar","tag-evlere-saldirdilar","tag-fuze-saldirisi","tag-havan-saldirisi","tag-ilimli-muhalifler","tag-muhalefet-anlasmayi-ihlal-etti","tag-sivillere-saldirdilar","tag-suriyeli-muhalifler","tag-tekfirciler","tag-teroristler","tag-top-atesi"],"_links":{"self":[{"href":"https:\/\/archive.sana.sy\/tr\/index.php?rest_route=\/wp\/v2\/posts\/69670","targetHints":{"allow":["GET"]}}],"collection":[{"href":"https:\/\/archive.sana.sy\/tr\/index.php?rest_route=\/wp\/v2\/posts"}],"about":[{"href":"https:\/\/archive.sana.sy\/tr\/index.php?rest_route=\/wp\/v2\/types\/post"}],"author":[{"embeddable":true,"href":"https:\/\/archive.sana.sy\/tr\/index.php?rest_route=\/wp\/v2\/users\/1"}],"replies":[{"embeddable":true,"href":"https:\/\/archive.sana.sy\/tr\/index.php?rest_route=%2Fwp%2Fv2%2Fcomments&post=69670"}],"version-history":[{"count":0,"href":"https:\/\/archive.sana.sy\/tr\/index.php?rest_route=\/wp\/v2\/posts\/69670\/revisions"}],"wp:featuredmedia":[{"embeddable":true,"href":"https:\/\/archive.sana.sy\/tr\/index.php?rest_route=\/wp\/v2\/media\/69687"}],"wp:attachment":[{"href":"https:\/\/archive.sana.sy\/tr\/index.php?rest_route=%2Fwp%2Fv2%2Fmedia&parent=69670"}],"wp:term":[{"taxonomy":"category","embeddable":true,"href":"https:\/\/archive.sana.sy\/tr\/index.php?rest_route=%2Fwp%2Fv2%2Fcategories&post=69670"},{"taxonomy":"post_tag","embeddable":true,"href":"https:\/\/archive.sana.sy\/tr\/index.php?rest_route=%2Fwp%2Fv2%2Ftags&post=69670"}],"curies":[{"name":"wp","href":"https:\/\/api.w.org\/{rel}","templated":true}]}}