{"id":69692,"date":"2016-04-19T10:31:25","date_gmt":"2016-04-19T07:31:25","guid":{"rendered":"http:\/\/www.sana.sy\/tr\/?p=69692"},"modified":"2016-04-19T13:31:52","modified_gmt":"2016-04-19T10:31:52","slug":"idlib-kirsalinin-kuzeyinde-iki-yildan-fazla-bir-suredir-erdogan-rejimine-tabi-tekfirci-teroristlerin-siki-ablukasi-altinda-yasam-mucadelesi-veren-kefrayya-beldesinde-yerel-kaynaklar-sana-ile-telefon-b","status":"publish","type":"post","link":"https:\/\/archive.sana.sy\/tr\/?p=69692","title":{"rendered":"\u0130dlib k\u0131rsal\u0131n\u0131n kuzeyinde iki y\u0131ldan fazla bir s\u00fcredir Erdo\u011fan rejimine tabi tekfirci ter\u00f6ristlerin s\u0131k\u0131 ablukas\u0131 alt\u0131nda ya\u015fam m\u00fccadelesi veren Kefrayya Beldesinde yerel kaynaklar SANA ile telefon ba\u011flant\u0131lar\u0131nda; ter\u00f6ristlerin beldedeki sivil evleri geli\u015fig\u00fczel bir \u015fekilde f\u00fcze ve havan toplar\u0131yla hedef ald\u0131klar\u0131n\u0131 belirtti"},"content":{"rendered":"<p>\u0130dlib k\u0131rsal\u0131n\u0131n kuzeyinde iki y\u0131ldan fazla bir s\u00fcredir Erdo\u011fan rejimine tabi tekfirci ter\u00f6ristlerin s\u0131k\u0131 ablukas\u0131 alt\u0131nda ya\u015fam m\u00fccadelesi veren Kefrayya Beldesinde yerel kaynaklar SANA ile telefon ba\u011flant\u0131lar\u0131nda; ter\u00f6ristlerin beldedeki sivil evleri geli\u015fig\u00fczel bir \u015fekilde f\u00fcze ve havan toplar\u0131yla hedef ald\u0131klar\u0131n\u0131 belirtti<\/p>\n","protected":false},"excerpt":{"rendered":"<p>\u0130dlib k\u0131rsal\u0131n\u0131n kuzeyinde iki y\u0131ldan fazla bir s\u00fcredir Erdo\u011fan rejimine tabi tekfirci ter\u00f6ristlerin s\u0131k\u0131 ablukas\u0131 alt\u0131nda ya\u015fam m\u00fccadelesi veren Kefrayya Beldesinde yerel kaynaklar SANA ile telefon ba\u011flant\u0131lar\u0131nda; ter\u00f6ristlerin beldedeki sivil evleri geli\u015fig\u00fczel bir \u015fekilde f\u00fcze ve havan toplar\u0131yla hedef ald\u0131klar\u0131n\u0131 belirtti<\/p>\n","protected":false},"author":1,"featured_media":0,"comment_status":"closed","ping_status":"closed","sticky":false,"template":"","format":"standard","meta":{"footnotes":""},"categories":[17991],"tags":[],"class_list":["post-69692","post","type-post","status-publish","format-standard","","category-son-dakika"],"_links":{"self":[{"href":"https:\/\/archive.sana.sy\/tr\/index.php?rest_route=\/wp\/v2\/posts\/69692","targetHints":{"allow":["GET"]}}],"collection":[{"href":"https:\/\/archive.sana.sy\/tr\/index.php?rest_route=\/wp\/v2\/posts"}],"about":[{"href":"https:\/\/archive.sana.sy\/tr\/index.php?rest_route=\/wp\/v2\/types\/post"}],"author":[{"embeddable":true,"href":"https:\/\/archive.sana.sy\/tr\/index.php?rest_route=\/wp\/v2\/users\/1"}],"replies":[{"embeddable":true,"href":"https:\/\/archive.sana.sy\/tr\/index.php?rest_route=%2Fwp%2Fv2%2Fcomments&post=69692"}],"version-history":[{"count":0,"href":"https:\/\/archive.sana.sy\/tr\/index.php?rest_route=\/wp\/v2\/posts\/69692\/revisions"}],"wp:attachment":[{"href":"https:\/\/archive.sana.sy\/tr\/index.php?rest_route=%2Fwp%2Fv2%2Fmedia&parent=69692"}],"wp:term":[{"taxonomy":"category","embeddable":true,"href":"https:\/\/archive.sana.sy\/tr\/index.php?rest_route=%2Fwp%2Fv2%2Fcategories&post=69692"},{"taxonomy":"post_tag","embeddable":true,"href":"https:\/\/archive.sana.sy\/tr\/index.php?rest_route=%2Fwp%2Fv2%2Ftags&post=69692"}],"curies":[{"name":"wp","href":"https:\/\/api.w.org\/{rel}","templated":true}]}}