{"id":69694,"date":"2016-04-19T11:05:07","date_gmt":"2016-04-19T08:05:07","guid":{"rendered":"http:\/\/www.sana.sy\/tr\/?p=69694"},"modified":"2016-04-19T13:34:26","modified_gmt":"2016-04-19T10:34:26","slug":"sanaya-aciklama-yapan-askeri-bir-kaynak-hava-guclerimizin-deyrezzor-kirsalinin-huveycet-sakir-ve-bgayliye-bolgelerinde-isidin-toplanma-yerleri-ve-araclarini-muhtevalariyla-imha-ettik","status":"publish","type":"post","link":"https:\/\/archive.sana.sy\/tr\/?p=69694","title":{"rendered":"SANA\u2019ya a\u00e7\u0131klama yapan askeri bir kaynak hava g\u00fc\u00e7lerimizin Deyrezzor k\u0131rsal\u0131n\u0131n Huveycet Sak\u0131r ve B\u011fayliye b\u00f6lgelerinde I\u015e\u0130D\u2019in toplanma yerleri ve ara\u00e7lar\u0131n\u0131 muhtevalar\u0131yla imha ettiklerini aktard\u0131"},"content":{"rendered":"<p>SANA\u2019ya a\u00e7\u0131klama yapan askeri bir kaynak hava g\u00fc\u00e7lerimizin Deyrezzor k\u0131rsal\u0131n\u0131n Huveycet Sak\u0131r ve B\u011fayliye b\u00f6lgelerinde I\u015e\u0130D\u2019in toplanma yerleri ve ara\u00e7lar\u0131n\u0131 muhtevalar\u0131yla imha ettiklerini aktard\u0131<\/p>\n","protected":false},"excerpt":{"rendered":"<p>SANA\u2019ya a\u00e7\u0131klama yapan askeri bir kaynak hava g\u00fc\u00e7lerimizin Deyrezzor k\u0131rsal\u0131n\u0131n Huveycet Sak\u0131r ve B\u011fayliye b\u00f6lgelerinde I\u015e\u0130D\u2019in toplanma yerleri ve ara\u00e7lar\u0131n\u0131 muhtevalar\u0131yla imha ettiklerini aktard\u0131<\/p>\n","protected":false},"author":1,"featured_media":0,"comment_status":"closed","ping_status":"closed","sticky":false,"template":"","format":"standard","meta":{"footnotes":""},"categories":[17991],"tags":[],"class_list":["post-69694","post","type-post","status-publish","format-standard","","category-son-dakika"],"_links":{"self":[{"href":"https:\/\/archive.sana.sy\/tr\/index.php?rest_route=\/wp\/v2\/posts\/69694","targetHints":{"allow":["GET"]}}],"collection":[{"href":"https:\/\/archive.sana.sy\/tr\/index.php?rest_route=\/wp\/v2\/posts"}],"about":[{"href":"https:\/\/archive.sana.sy\/tr\/index.php?rest_route=\/wp\/v2\/types\/post"}],"author":[{"embeddable":true,"href":"https:\/\/archive.sana.sy\/tr\/index.php?rest_route=\/wp\/v2\/users\/1"}],"replies":[{"embeddable":true,"href":"https:\/\/archive.sana.sy\/tr\/index.php?rest_route=%2Fwp%2Fv2%2Fcomments&post=69694"}],"version-history":[{"count":0,"href":"https:\/\/archive.sana.sy\/tr\/index.php?rest_route=\/wp\/v2\/posts\/69694\/revisions"}],"wp:attachment":[{"href":"https:\/\/archive.sana.sy\/tr\/index.php?rest_route=%2Fwp%2Fv2%2Fmedia&parent=69694"}],"wp:term":[{"taxonomy":"category","embeddable":true,"href":"https:\/\/archive.sana.sy\/tr\/index.php?rest_route=%2Fwp%2Fv2%2Fcategories&post=69694"},{"taxonomy":"post_tag","embeddable":true,"href":"https:\/\/archive.sana.sy\/tr\/index.php?rest_route=%2Fwp%2Fv2%2Ftags&post=69694"}],"curies":[{"name":"wp","href":"https:\/\/api.w.org\/{rel}","templated":true}]}}