{"id":69721,"date":"2016-04-19T12:00:34","date_gmt":"2016-04-19T09:00:34","guid":{"rendered":"http:\/\/sana.sy\/tr\/?p=69721"},"modified":"2016-04-20T10:30:01","modified_gmt":"2016-04-20T07:30:01","slug":"teroristlerin-bir-kisim-bolgeleri-ele-gecirmelerine-izin-vermek-mumkun-degildir","status":"publish","type":"post","link":"https:\/\/archive.sana.sy\/tr\/?p=69721","title":{"rendered":"Ter\u00f6ristlerin Bir K\u0131s\u0131m B\u00f6lgeleri Ele Ge\u00e7irmelerine \u0130zin Vermek M\u00fcmk\u00fcn De\u011fildir"},"content":{"rendered":"<p>MOSKOVA &#8211; Rusya Ba\u015fkanl\u0131k Saray\u0131 Kremlin S\u00f6zc\u00fcs\u00fc Dmitry Peskov; Suriye&#8217;de silahl\u0131 ter\u00f6r \u00f6rg\u00fctlerin bir k\u0131s\u0131m b\u00f6lgeleri ele ge\u00e7irmeye \u00e7al\u0131\u015ft\u0131klar\u0131na dikkat \u00e7ekerken, buna izin vermenin hi\u00e7bir ko\u015fulda m\u00fcmk\u00fcn olmad\u0131\u011f\u0131n\u0131 vurgulad\u0131.<\/p>\n<p>Peskov bug\u00fcn yapt\u0131\u011f\u0131 bas\u0131n a\u00e7\u0131klamalar\u0131nda Suriye&#8217;de ter\u00f6re kar\u015f\u0131 sava\u015f\u0131n aral\u0131ks\u0131z bir \u015fekilde devam etti\u011fini ve devam edece\u011finin de alt\u0131n\u0131 \u00e7izdi.<\/p>\n<p>Cenevre g\u00f6r\u00fc\u015fmelerinde durumlar\u0131n kolay olmad\u0131\u011f\u0131n\u0131n dikkate al\u0131nd\u0131\u011f\u0131n\u0131 s\u00f6yleyen Peskov; fakat ayn\u0131 zamanda ter\u00f6r \u00f6rg\u00fctlerin de bir k\u0131s\u0131m b\u00f6lgeleri ele ge\u00e7irmeleri ve durumlar\u0131 lehlerine d\u00f6n\u00fc\u015ft\u00fcrmeye \u00e7al\u0131\u015fmalar\u0131na imkan vermenin hi\u00e7bir ko\u015fulda m\u00fcmk\u00fcn olmad\u0131\u011f\u0131n\u0131 belirtti.<\/p>\n<p>Peskov Rusya Ba\u015fkan\u0131 Vladimir Putin ve ABD Ba\u015fkan\u0131 Barack Obama\u2019n\u0131n d\u00fcn aralar\u0131nda ger\u00e7ekle\u015fen telefon ba\u011flant\u0131s\u0131nda Suriyeliler aras\u0131ndaki diyalog g\u00f6r\u00fc\u015fmelerinin devam etmesi ve \u00e7at\u0131\u015fmalar\u0131 durdurma anla\u015fmas\u0131n\u0131n s\u00fcrd\u00fcr\u00fcl\u00fcp peki\u015ftirilmesi gere\u011finin alt\u0131n\u0131 \u00e7izdiklerine dikkat \u00e7ekti.<\/p>\n","protected":false},"excerpt":{"rendered":"<p>MOSKOVA &#8211; Rusya Ba\u015fkanl\u0131k Saray\u0131 Kremlin S\u00f6zc\u00fcs\u00fc Dmitry Peskov; Suriye&#8217;de silahl\u0131 ter\u00f6r \u00f6rg\u00fctlerin bir k\u0131s\u0131m b\u00f6lgeleri ele ge\u00e7irmeye \u00e7al\u0131\u015ft\u0131klar\u0131na dikkat \u00e7ekerken, buna izin vermenin hi\u00e7bir ko\u015fulda m\u00fcmk\u00fcn olmad\u0131\u011f\u0131n\u0131 vurgulad\u0131. Peskov bug\u00fcn yapt\u0131\u011f\u0131 bas\u0131n a\u00e7\u0131klamalar\u0131nda Suriye&#8217;de ter\u00f6re kar\u015f\u0131 sava\u015f\u0131n aral\u0131ks\u0131z bir \u015fekilde devam etti\u011fini ve devam edece\u011finin de alt\u0131n\u0131 \u00e7izdi. Cenevre g\u00f6r\u00fc\u015fmelerinde durumlar\u0131n kolay olmad\u0131\u011f\u0131n\u0131n dikkate &hellip;<\/p>\n","protected":false},"author":1,"featured_media":65413,"comment_status":"closed","ping_status":"closed","sticky":false,"template":"","format":"standard","meta":{"footnotes":""},"categories":[458,459,17988],"tags":[],"class_list":["post-69721","post","type-post","status-publish","format-standard","has-post-thumbnail","","category-dunya1","category-haberler-arap-uluslararasi-politika","category-son-haberler"],"_links":{"self":[{"href":"https:\/\/archive.sana.sy\/tr\/index.php?rest_route=\/wp\/v2\/posts\/69721","targetHints":{"allow":["GET"]}}],"collection":[{"href":"https:\/\/archive.sana.sy\/tr\/index.php?rest_route=\/wp\/v2\/posts"}],"about":[{"href":"https:\/\/archive.sana.sy\/tr\/index.php?rest_route=\/wp\/v2\/types\/post"}],"author":[{"embeddable":true,"href":"https:\/\/archive.sana.sy\/tr\/index.php?rest_route=\/wp\/v2\/users\/1"}],"replies":[{"embeddable":true,"href":"https:\/\/archive.sana.sy\/tr\/index.php?rest_route=%2Fwp%2Fv2%2Fcomments&post=69721"}],"version-history":[{"count":0,"href":"https:\/\/archive.sana.sy\/tr\/index.php?rest_route=\/wp\/v2\/posts\/69721\/revisions"}],"wp:featuredmedia":[{"embeddable":true,"href":"https:\/\/archive.sana.sy\/tr\/index.php?rest_route=\/wp\/v2\/media\/65413"}],"wp:attachment":[{"href":"https:\/\/archive.sana.sy\/tr\/index.php?rest_route=%2Fwp%2Fv2%2Fmedia&parent=69721"}],"wp:term":[{"taxonomy":"category","embeddable":true,"href":"https:\/\/archive.sana.sy\/tr\/index.php?rest_route=%2Fwp%2Fv2%2Fcategories&post=69721"},{"taxonomy":"post_tag","embeddable":true,"href":"https:\/\/archive.sana.sy\/tr\/index.php?rest_route=%2Fwp%2Fv2%2Ftags&post=69721"}],"curies":[{"name":"wp","href":"https:\/\/api.w.org\/{rel}","templated":true}]}}