{"id":69729,"date":"2016-04-19T19:05:14","date_gmt":"2016-04-19T16:05:14","guid":{"rendered":"http:\/\/sana.sy\/tr\/?p=69729"},"modified":"2016-04-20T16:55:54","modified_gmt":"2016-04-20T13:55:54","slug":"nusra-cephesi-ve-muttefikleri-teror-orgutler-buyuk-kayiplar-verdi","status":"publish","type":"post","link":"https:\/\/archive.sana.sy\/tr\/?p=69729","title":{"rendered":"Nusra Cephesi ve M\u00fcttefikleri Ter\u00f6r \u00d6rg\u00fctler B\u00fcy\u00fck Kay\u0131plar Verdi"},"content":{"rendered":"<p>\u0130LLER \u2013 Kaide \u00d6rg\u00fct\u00fcn\u00fcn Suriye kolu Nusra Cephesi ve m\u00fcttefikleri di\u011fer ter\u00f6r \u00f6rg\u00fctlerin yan\u0131 s\u0131ra I\u015e\u0130D tekfircilerine y\u00f6nelik operasyonlar\u0131n\u0131 s\u00fcrd\u00fcren ordu birliklerimiz, bug\u00fcn de bu \u00e7eteleri say\u0131 ve ara\u00e7lar\u0131yla a\u011f\u0131r kay\u0131plara u\u011fratmaya devam etti.<\/p>\n<p><span style=\"color: #0000ff\">DEYREZZOR:<\/span><\/p>\n<p>SANA\u2019ya a\u00e7\u0131klama yapan askeri bir kaynak hava g\u00fc\u00e7lerimizin Deyrezzor k\u0131rsal\u0131n\u0131n Huveycet Sak\u0131r ve B\u011fayliye b\u00f6lgelerinde I\u015e\u0130D\u2019in toplanma yerleri ve ara\u00e7lar\u0131n\u0131 muhtevalar\u0131yla imha ettiklerini ifade etti.<\/p>\n<p>Deyrezzor Kenti Sanayi Semtinde de ordu birliklerimizin ter\u00f6r \u00f6rg\u00fctlere y\u00f6nelik nitelikli operasyonlar ger\u00e7ekle\u015ftirdiklerini belirten kaynak; tekfircileri burada da say\u0131 ve te\u00e7hizatlar\u0131yla birlikte a\u011f\u0131r kay\u0131plara u\u011fratt\u0131klar\u0131n\u0131 s\u00f6zlerine ekledi.<\/p>\n<p><span style=\"color: #0000ff\">HOMS:<\/span><\/p>\n<p>\u00d6te yandan askeri bir kaynak; Homs Kentinin yakla\u015f\u0131k 70 km do\u011fusuna d\u00fc\u015fen G\u00fcney ve Kuzey \u015eendahiye b\u00f6lgelerine ilaveten Do\u011fu Savvane B\u00f6lgesinde I\u015e\u0130D\u2019in yuva ve k\u00fcmelenme yerlerini hedef alan hava g\u00fc\u00e7lerimizin; \u00e7ok say\u0131da ter\u00f6risti \u00f6l\u00fc ve yaral\u0131 d\u00fc\u015f\u00fcrd\u00fcklerini belirtti.<\/p>\n<p>Homs k\u0131rsal\u0131n\u0131n do\u011fusu Tedmur B\u00f6lgesinde de hava g\u00fc\u00e7lerimizin I\u015e\u0130D\u2019in ara\u00e7 konvoylar\u0131n\u0131 muhtevalar\u0131yla birlikte yo\u011fun ate\u015fe tutuklar\u0131n\u0131 aktaran kaynak; bir k\u0131sm\u0131 ter\u00f6rist ve cephane ta\u015f\u0131yan, bir k\u0131sm\u0131 da a\u011f\u0131r makineli silahlarla donat\u0131lm\u0131\u015f ara\u00e7lar\u0131n\u0131 imha ettiklerine dikkat \u00e7ekti.<\/p>\n<p>Ak\u015fam saatlerinde SANA\u2019ya a\u00e7\u0131klama yapan askeri bir kaynak; ordu birliklerimizin Homs \u0130line tabi Tedmur k\u0131rsal\u0131n\u0131n kuzeyine d\u00fc\u015fen el Mzar Da\u011f\u0131n\u0131n g\u00fcneybat\u0131s\u0131nda 806,5 noktas\u0131n\u0131 I\u015e\u0130D \u00e7etelerinden temizleyip kontrollerine ge\u00e7irdiklerini belirtti\u200f\u0638<\/p>\n<p><span style=\"color: #0000ff\">S\u00dcVEYDA:<\/span><\/p>\n<p>Bu arada ordu birliklerimiz S\u00fcveyda k\u0131rsal\u0131n\u0131n kuzeydo\u011fusu Tel E\u015fhib B\u00f6lgesinde 10 ter\u00f6ristten ibaret bir ter\u00f6r grubunun t\u00fcm \u00fcyelerini \u00f6ld\u00fcr\u00fcp havzalar\u0131nda bulunan silah ve m\u00fchimmatlar\u0131n\u0131 yok etti.<\/p>\n<p><span style=\"color: #0000ff\">DERA:<\/span><\/p>\n<p>Ordu birliklerimizin Dera Beled\u2019in muhtelif b\u00f6lgelerinde \u0130srail\u2019den destek alan Nusra Cephesi ve \u00e7at\u0131s\u0131 alt\u0131nda bulunan ter\u00f6r gruplar\u0131na kar\u015f\u0131 operasyonlar\u0131nda ise askeri kaynak SANA\u2019ya a\u00e7\u0131klamas\u0131nda; burada da yine \u00e7ok say\u0131da ter\u00f6risti \u00f6l\u00fc ve yaral\u0131 d\u00fc\u015f\u00fcr\u00fcp ara\u00e7, silah ve m\u00fchimmatlar\u0131n\u0131 imha ettiklerini s\u00f6yledi.<\/p>\n<p><span style=\"color: #0000ff\">HALEP:<\/span><\/p>\n<p>Di\u011fer yandan Halep ve k\u0131rsal\u0131nda ihvanc\u0131 Erdo\u011fan ve Vahhabi \u00c2l Suud rejimlerinin destekledikleri Nusra Cephesi ve I\u015e\u0130D mevkilerini yo\u011fun ate\u015fe tutan ordu birliklerimiz; il k\u0131rsal\u0131n\u0131n kuzeydo\u011fusu el Mahdum, Ebid, Deyr Kak, Madyone ve Ebu Taltal k\u00f6ylerinde ter\u00f6ristlerin saflar\u0131nda a\u011f\u0131r kay\u0131plara yol a\u00e7t\u0131.<\/p>\n<p>Halep Kentinin yakla\u015f\u0131k 52 km do\u011fusuna d\u00fc\u015fen Deyr Hafir Kentinde de ordu birliklerimiz, radikal ter\u00f6r \u00f6rg\u00fct\u00fc I\u015e\u0130D\u2019e tabi siper ve toplanma yerlerini hedef almalar\u0131yla buralarda da bir\u00e7ok ter\u00f6risti \u00f6ld\u00fcr\u00fcp a\u011f\u0131r makineli silahla donat\u0131lm\u0131\u015f bir arac\u0131 y\u00fck\u00fcyle birlikte imha etti.<\/p>\n<p>Buna e\u015f zamanl\u0131 olarak Halep Kentinin yakla\u015f\u0131k 30 km g\u00fcneyine d\u00fc\u015fen el Eys K\u00f6y\u00fcnde ordu birliklerimiz Nusra Cephesi ve onunla hareket eden m\u00fcttefikleri di\u011fer ter\u00f6r \u00f6rg\u00fctlere tabi yuva ve komuta karargahlar\u0131n\u0131 muhtevalar\u0131yla birlikte imha etti.<\/p>\n<p>Halep Kentinde de ter\u00f6ristlerin yuva ve k\u00fcmelenme yerlerine kar\u015f\u0131 nitelikli operasyonlar\u0131n\u0131 s\u00fcrd\u00fcren ordu birliklerimiz; Ra\u015fidin 4, Amiriye ve Selahattin semtlerinde yine \u00e7ok say\u0131da ter\u00f6risti su\u00e7 edatlar\u0131yla birlikte yok etti.<\/p>\n","protected":false},"excerpt":{"rendered":"<p>\u0130LLER \u2013 Kaide \u00d6rg\u00fct\u00fcn\u00fcn Suriye kolu Nusra Cephesi ve m\u00fcttefikleri di\u011fer ter\u00f6r \u00f6rg\u00fctlerin yan\u0131 s\u0131ra I\u015e\u0130D tekfircilerine y\u00f6nelik operasyonlar\u0131n\u0131 s\u00fcrd\u00fcren ordu birliklerimiz, bug\u00fcn de bu \u00e7eteleri say\u0131 ve ara\u00e7lar\u0131yla a\u011f\u0131r kay\u0131plara u\u011fratmaya devam etti. DEYREZZOR: SANA\u2019ya a\u00e7\u0131klama yapan askeri bir kaynak hava g\u00fc\u00e7lerimizin Deyrezzor k\u0131rsal\u0131n\u0131n Huveycet Sak\u0131r ve B\u011fayliye b\u00f6lgelerinde I\u015e\u0130D\u2019in toplanma yerleri ve ara\u00e7lar\u0131n\u0131 &hellip;<\/p>\n","protected":false},"author":1,"featured_media":69730,"comment_status":"closed","ping_status":"closed","sticky":false,"template":"","format":"standard","meta":{"footnotes":""},"categories":[575,17988],"tags":[],"class_list":["post-69729","post","type-post","status-publish","format-standard","has-post-thumbnail","","category-olaylar-ve-gercekler","category-son-haberler"],"_links":{"self":[{"href":"https:\/\/archive.sana.sy\/tr\/index.php?rest_route=\/wp\/v2\/posts\/69729","targetHints":{"allow":["GET"]}}],"collection":[{"href":"https:\/\/archive.sana.sy\/tr\/index.php?rest_route=\/wp\/v2\/posts"}],"about":[{"href":"https:\/\/archive.sana.sy\/tr\/index.php?rest_route=\/wp\/v2\/types\/post"}],"author":[{"embeddable":true,"href":"https:\/\/archive.sana.sy\/tr\/index.php?rest_route=\/wp\/v2\/users\/1"}],"replies":[{"embeddable":true,"href":"https:\/\/archive.sana.sy\/tr\/index.php?rest_route=%2Fwp%2Fv2%2Fcomments&post=69729"}],"version-history":[{"count":0,"href":"https:\/\/archive.sana.sy\/tr\/index.php?rest_route=\/wp\/v2\/posts\/69729\/revisions"}],"wp:featuredmedia":[{"embeddable":true,"href":"https:\/\/archive.sana.sy\/tr\/index.php?rest_route=\/wp\/v2\/media\/69730"}],"wp:attachment":[{"href":"https:\/\/archive.sana.sy\/tr\/index.php?rest_route=%2Fwp%2Fv2%2Fmedia&parent=69729"}],"wp:term":[{"taxonomy":"category","embeddable":true,"href":"https:\/\/archive.sana.sy\/tr\/index.php?rest_route=%2Fwp%2Fv2%2Fcategories&post=69729"},{"taxonomy":"post_tag","embeddable":true,"href":"https:\/\/archive.sana.sy\/tr\/index.php?rest_route=%2Fwp%2Fv2%2Ftags&post=69729"}],"curies":[{"name":"wp","href":"https:\/\/api.w.org\/{rel}","templated":true}]}}