{"id":6973,"date":"2014-08-11T10:47:34","date_gmt":"2014-08-11T07:47:34","guid":{"rendered":"http:\/\/www.sana.sy\/tr\/?p=6973"},"modified":"2014-08-12T13:36:40","modified_gmt":"2014-08-12T10:36:40","slug":"isgal-saldirilarinin-35-gununde-sehit-sayisi-11-direnis-de-isgal-mevkilerini-hedef-almayi-surduruyor","status":"publish","type":"post","link":"https:\/\/archive.sana.sy\/tr\/?p=6973","title":{"rendered":"\u0130\u015fgal Sald\u0131r\u0131lar\u0131n\u0131n 35. G\u00fcn\u00fcnde \u015eehit Say\u0131s\u0131 11..Direni\u015f de \u0130\u015fgal Mevkilerini Hedef Almay\u0131 S\u00fcrd\u00fcr\u00fcyor"},"content":{"rendered":"<p>GAZZE &#8211; \u0130\u015fgalci \u0130srail\u2019in Gazze Kesimine y\u00f6nelik barbar sald\u0131r\u0131lar\u0131n 35. G\u00fcn\u00fcnde Filistinli \u015fehitlerin say\u0131s\u0131 sald\u0131r\u0131lar\u0131n ge\u00e7en ay\u0131n 7\u2019sinden ba\u015flamas\u0131ndan bu yana 1925\u2019e y\u00fckselirken yaral\u0131lar\u0131n say\u0131s\u0131 ise 9880\u2019i ge\u00e7ti.<\/p>\n<p>MAA haber ajans\u0131 bir \u0130srail bombard\u0131man\u0131n\u0131n Han Yunus\u2019ta bir motosikleti hedef almas\u0131 sonucunda 3 Filistinlinin \u015fehit d\u00fc\u015fmesine yol a\u00e7t\u0131\u011f\u0131n\u0131 s\u00f6yledi.<\/p>\n<p>Ajans, Kesimin kuzeybat\u0131s\u0131ndaki Bir el Naca B\u00f6lgesinde i\u015fgal u\u00e7aklar\u0131n\u0131n bombard\u0131man\u0131 sonucunda da 1 vatanda\u015f\u0131n \u015fehit d\u00fc\u015fmesine 4 vatanda\u015f\u0131n da yaralanmas\u0131na neden oldu\u011funu ifade etti.<\/p>\n<p>\u00d6te yandan ilk yard\u0131m ve acil komitesi s\u00f6zc\u00fcs\u00fc E\u015fref el Kudra, Kesimin muhtelif b\u00f6lgelerinde enkazlar alt\u0131ndan 10 \u015fehit cesedinin \u00e7\u0131kar\u0131ld\u0131\u011f\u0131n\u0131 ilan etti.<\/p>\n<p>VEFA ajans\u0131 da sa\u011fl\u0131k kaynaklar\u0131ndan naklen, \u0130srail i\u015fgal u\u00e7aklar\u0131n\u0131n bir ka\u00e7 g\u00fcn \u00f6nce Beyt Hanun\u2019a d\u00fczenledi\u011fi bombard\u0131man sonucunda ald\u0131\u011f\u0131 yaralar sonucunda bug\u00fcn \u015fehit d\u00fc\u015ft\u00fc\u011f\u00fcn\u00fc s\u00f6yledi.<\/p>\n<p>Bunun mukabilinde Filistin direni\u015f gruplar\u0131 Gazze Kesimine y\u00f6nelik sald\u0131r\u0131lara cevap olarak \u0130srail i\u015fgal mevkileri ve yerle\u015fim birimlerini f\u00fcze ve havan mermileriyle hedef almay\u0131 s\u00fcrd\u00fcrd\u00fc.<\/p>\n<p><span style=\"color: #0000ff\">Filistin direni\u015fi Bir el Saba\u2019\u0131 iki Grad f\u00fczesiyle vurdu.<\/span><\/p>\n<p>\u0130srail i\u015fgal kaynaklar\u0131, i\u015fgal edilen bat\u0131 el Nakap\u2019a 3 f\u00fczenin d\u00fc\u015ft\u00fc\u011f\u00fcn\u00fc, Askalan, Sedot, Nigif, \u015eaer Henigif ve Netifot yerle\u015fim birimlerinde siren seslerinin duyuldu\u011funu a\u00e7\u0131klad\u0131.<\/p>\n<p>\u0130\u015fgal kaynaklar\u0131, Filistin direni\u015finin bu sabah f\u0131rlatt\u0131\u011f\u0131 2 f\u00fczenin kesim yak\u0131nlar\u0131ndaki A\u015fkul yerle\u015fim birimine d\u00fc\u015ft\u00fc\u011f\u00fcn\u00fc, bir ka\u00e7 havan mermisinin Kerm Ebu Salim ge\u00e7idine d\u00fc\u015ft\u00fc\u011f\u00fcn\u00fc s\u00f6yledi.<\/p>\n<p><span style=\"color: #0000ff\">Filistinlilerle \u0130\u015fgalci \u0130srail Aras\u0131nda Ate\u015fkes Y\u00fcr\u00fcrl\u00fc\u011fe Girdi<\/span><\/p>\n<p>Bu arada Filistinli ve \u0130srailli taraflar\u0131n \u00fczerinde anla\u015ft\u0131\u011f\u0131 ate\u015fkes d\u00fcn geceden beri ba\u015flad\u0131.<\/p>\n<p>MAA haber ajans\u0131 Kahire\u2019deki kaynaklardan naklen, her iki taraf\u0131n bu gece yar\u0131s\u0131ndan ba\u015flayarak 3 g\u00fcnl\u00fck yeni ate\u015fkes \u00fczerinde anla\u015fmaya vard\u0131klar\u0131n\u0131 s\u00f6yledi.<\/p>\n<p><span style=\"color: #0000ff\">Netanyahu Sald\u0131r\u0131 Tehditlerini Savurmaya Devam Ediyor<\/span><\/p>\n<p>Bir aydan fazla bir s\u00fcreden beri Gazze Kesimine y\u00f6nelik s\u00fcre gelen i\u015fgal sald\u0131r\u0131lar\u0131 g\u00f6lgesinde i\u015fgalci \u0130srail Ba\u015fbakan\u0131 B\u00fcnyamin Netanyahu Gazze Kesimine y\u00f6nelik sald\u0131r\u0131lar\u0131n devam etti\u011fini ve bitmeyece\u011fini s\u00f6yledi.<\/p>\n<p>SAFA haber ajans\u0131, Netanyahu\u2019nun h\u00fck\u00fcmetinin haftal\u0131k oturumunda, hi\u00e7 kimsenin hi\u00e7 bir a\u015famada askeri operasyonlar\u0131n bitti\u011fine dair a\u00e7\u0131klamalarda bulunmad\u0131\u011f\u0131n\u0131 ve bu eylemin kendi tabirince hedeflerine var\u0131ncaya kadar s\u00fcrece\u011fini s\u00f6yledi\u011fini aktard\u0131.<\/p>\n<p>Netanyahu, ate\u015fkes sa\u011flanmadan \u00f6nce herhangi bir g\u00f6r\u00fc\u015fmenin y\u00f6netimini kabul et6meyece\u011fine i\u015faret etti.<br \/>\nKendi y\u00f6n\u00fcnden \u0130srail Sava\u015f Bakan\u0131 Mo\u015fe Yaalon, Gazze Kesimindeki b\u00fct\u00fcn hedeflerin vurulmas\u0131 ard\u0131ndan operasyonlar\u0131n s\u00fcrd\u00fc\u011f\u00fcn\u00fc ilan etti.<\/p>\n<p>&nbsp;<\/p>\n","protected":false},"excerpt":{"rendered":"<p>GAZZE &#8211; \u0130\u015fgalci \u0130srail\u2019in Gazze Kesimine y\u00f6nelik barbar sald\u0131r\u0131lar\u0131n 35. G\u00fcn\u00fcnde Filistinli \u015fehitlerin say\u0131s\u0131 sald\u0131r\u0131lar\u0131n ge\u00e7en ay\u0131n 7\u2019sinden ba\u015flamas\u0131ndan bu yana 1925\u2019e y\u00fckselirken yaral\u0131lar\u0131n say\u0131s\u0131 ise 9880\u2019i ge\u00e7ti. MAA haber ajans\u0131 bir \u0130srail bombard\u0131man\u0131n\u0131n Han Yunus\u2019ta bir motosikleti hedef almas\u0131 sonucunda 3 Filistinlinin \u015fehit d\u00fc\u015fmesine yol a\u00e7t\u0131\u011f\u0131n\u0131 s\u00f6yledi. Ajans, Kesimin kuzeybat\u0131s\u0131ndaki Bir el Naca B\u00f6lgesinde &hellip;<\/p>\n","protected":false},"author":1,"featured_media":6974,"comment_status":"closed","ping_status":"closed","sticky":false,"template":"","format":"standard","meta":{"footnotes":""},"categories":[458,459,447],"tags":[1562],"class_list":["post-6973","post","type-post","status-publish","format-standard","has-post-thumbnail","","category-dunya1","category-haberler-arap-uluslararasi-politika","category-politika","tag-isgal-saldirilarinin-35-gununde-sehit-sayisi-11-direnis-de-isgal-mevkilerini-hedef-almayi-surduruyor"],"_links":{"self":[{"href":"https:\/\/archive.sana.sy\/tr\/index.php?rest_route=\/wp\/v2\/posts\/6973","targetHints":{"allow":["GET"]}}],"collection":[{"href":"https:\/\/archive.sana.sy\/tr\/index.php?rest_route=\/wp\/v2\/posts"}],"about":[{"href":"https:\/\/archive.sana.sy\/tr\/index.php?rest_route=\/wp\/v2\/types\/post"}],"author":[{"embeddable":true,"href":"https:\/\/archive.sana.sy\/tr\/index.php?rest_route=\/wp\/v2\/users\/1"}],"replies":[{"embeddable":true,"href":"https:\/\/archive.sana.sy\/tr\/index.php?rest_route=%2Fwp%2Fv2%2Fcomments&post=6973"}],"version-history":[{"count":0,"href":"https:\/\/archive.sana.sy\/tr\/index.php?rest_route=\/wp\/v2\/posts\/6973\/revisions"}],"wp:featuredmedia":[{"embeddable":true,"href":"https:\/\/archive.sana.sy\/tr\/index.php?rest_route=\/wp\/v2\/media\/6974"}],"wp:attachment":[{"href":"https:\/\/archive.sana.sy\/tr\/index.php?rest_route=%2Fwp%2Fv2%2Fmedia&parent=6973"}],"wp:term":[{"taxonomy":"category","embeddable":true,"href":"https:\/\/archive.sana.sy\/tr\/index.php?rest_route=%2Fwp%2Fv2%2Fcategories&post=6973"},{"taxonomy":"post_tag","embeddable":true,"href":"https:\/\/archive.sana.sy\/tr\/index.php?rest_route=%2Fwp%2Fv2%2Ftags&post=6973"}],"curies":[{"name":"wp","href":"https:\/\/api.w.org\/{rel}","templated":true}]}}