{"id":69759,"date":"2016-04-19T13:28:19","date_gmt":"2016-04-19T10:28:19","guid":{"rendered":"http:\/\/www.sana.sy\/tr\/?p=69759"},"modified":"2016-04-20T10:29:41","modified_gmt":"2016-04-20T07:29:41","slug":"caferi-cenevrede-bir-dizi-temaslarda-bulundu","status":"publish","type":"post","link":"https:\/\/archive.sana.sy\/tr\/?p=69759","title":{"rendered":"Caferi Cenevre&#8217;de Bir Dizi Temaslarda Bulundu"},"content":{"rendered":"<p>CENEVRE \u2013Suriyeliler aras\u0131nda Cenevre&#8217;de yap\u0131lan dolayl\u0131 diyalog g\u00f6r\u00fc\u015fmelerinde Suriye Arap Cumhuriyeti heyeti ba\u015fkan\u0131 Be\u015f\u015far el Caferi bug\u00fcn Cenevre&#8217;de \u00c7in\u2019\u0130n Suriye \u00f6zel temsilcisi ve daha ba\u015fka b\u00fcy\u00fckel\u00e7ilerle Suriye&#8217;deki krize siyasi \u00e7\u00f6z\u00fcm s\u00fcrecini masaya yat\u0131rd\u0131.<\/p>\n<p>\u00c7in\u2019in Suriye \u00f6zel temsilcisi Xie Xiaoyan ile g\u00f6r\u00fc\u015fmesinde Caferi; Suriyeliler aras\u0131ndaki diyalog s\u00fcrecinin \u00f6n\u00fcndeki engelleri kald\u0131rmakla birlikte g\u00f6r\u00fc\u015fmelerin bu turunda kayda de\u011fer bir ilerlemenin sa\u011flanmas\u0131 i\u00e7in m\u00fcmk\u00fcn mekanizmalar\u0131 ele ald\u0131.<\/p>\n<p>Caferi \u00c7in\u2019in Suriye&#8217;ye \u00f6zel temsilci atamas\u0131n\u0131n, Suriye&#8217;deki krizin siyasi \u00e7\u00f6z\u00fcm\u00fcne ciddi \u00f6zenini yans\u0131tt\u0131\u011f\u0131na i\u015faret ederken, Suriye&#8217;nin siyasi \u00e7\u00f6z\u00fcm s\u00fcrecinde \u00c7in\u2019den \u00f6nemli bir rol oynamas\u0131n\u0131 bekledi\u011fini s\u00f6yledi.<\/p>\n<p>Suriye&#8217;de ya\u015fananlar\u0131n, Suriye topraklar\u0131 \u00fczerinde y\u00fcr\u00fct\u00fclen uluslar aras\u0131 bir ter\u00f6r sava\u015f\u0131 oldu\u011funu belirten Caferi; d\u0131\u015f m\u00fcdahale ve kimi devletlerin ter\u00f6re deste\u011fi olmaks\u0131z\u0131n Suriye&#8217;deki krizin bu kadar uzun s\u00fcre devam etmesinin m\u00fcmk\u00fcn olmad\u0131\u011f\u0131n\u0131 vurgulad\u0131. Caferi mevcut s\u00fcre\u00e7 i\u00e7inde sadece Suriye ve halk\u0131n\u0131 de\u011fil, t\u00fcm d\u00fcnya devletleri ve halklar\u0131na kar\u015f\u0131 ciddi bir tehlike te\u015fkil eden ter\u00f6re kar\u015f\u0131 m\u00fccadelenin temel \u00f6ncelik olmas\u0131 \u00f6neminin alt\u0131n\u0131 \u00e7izdi.<\/p>\n<p>Suriye&#8217;de I\u015e\u0130D ve Kaide \u00d6rg\u00fct\u00fcn\u00fcn Suriye kolu Nusra Cephesi saflar\u0131nda Uygur ter\u00f6ristlerin bulundu\u011funa dikkat \u00e7eken Caferi; bunun da uluslar aras\u0131 ter\u00f6rle m\u00fccadeleyi Suriye ve \u00c7in aras\u0131nda ortak bir payda te\u015fkil etti\u011fini s\u00f6yledi.<\/p>\n<p>\u2018Riyad muhalefeti\u2019 heyetinin g\u00f6r\u00fc\u015fmelere kat\u0131l\u0131m\u0131n\u0131 erteleme karar\u0131n\u0131n i\u015fverenleri Suudi Arabistan rejimi taraf\u0131ndan geldi\u011fine dikkat \u00e7eken Caferi; bu heyetin egemen bir karar ya da ba\u011f\u0131ms\u0131z bir siyasi tutuma sahip olmad\u0131\u011f\u0131n\u0131 belirtti. Caferi bu heyetin her g\u00f6r\u00fc\u015fme turunun ba\u015f\u0131nda \u00e7ekilmekle tehdit etti\u011fini ve \u00f6nko\u015fullar \u00f6ne s\u00fcrd\u00fcklerine dikkat \u00e7ekerken, \u00e7\u00fcnk\u00fc siyasi \u00e7\u00f6z\u00fcm ya da diyalog g\u00f6r\u00fc\u015fmelerini istemediklerini ve bu konuda ciddi olmad\u0131klar\u0131n\u0131 ifade etti.<\/p>\n<p>\u2018Riyad muhalefeti\u2019 grubunun radikal ve tekfirciler i\u00e7erdi\u011fini belirten Caferi; uluslar aras\u0131 ter\u00f6r i\u00e7in verimli bir toprak te\u015fkil eden Vahhabi ideolojisine sahip olduklar\u0131n\u0131, Suriye&#8217;nin laik bir devlet olmas\u0131n\u0131 da istemediklerini s\u00f6yledi.<\/p>\n<p>Suriye&#8217;de \u00e7at\u0131\u015fmalar\u0131 durdurma anla\u015fmas\u0131n\u0131 ihlal edenlerin silahl\u0131 ter\u00f6r \u00f6rg\u00fctleri oldu\u011funu ifade eden Caferi; bu gruplar ve onlar\u0131 destekleyenlerin Cenevre g\u00f6r\u00fc\u015fmelerini ve siyasi \u00e7\u00f6z\u00fcm\u00fc baltalamaya \u00e7al\u0131\u015ft\u0131klar\u0131n\u0131n alt\u0131n\u0131 \u00e7izdi. Caferi \u2018Riyad muhalefeti\u2019 heyetinde bir k\u0131s\u0131m \u015fahsiyetlerin aleni ve a\u00e7\u0131k bir \u015fekilde anla\u015fman\u0131n ihlal edilmesi ve sald\u0131r\u0131 eylemlerinin yap\u0131lmas\u0131 a\u00e7\u0131klamalar\u0131nda bunduklar\u0131na dikkat \u00e7ekerken, Suriye ordusu ve kentlerde sivillere sald\u0131r\u0131 talimatlar\u0131 vermeye \u00e7al\u0131\u015ft\u0131klar\u0131n\u0131 a\u00e7\u0131klad\u0131.<\/p>\n<p>\u00c7in\u2019\u0130n Suriye \u00f6zel temsilcisi Xie ise g\u00f6r\u00fc\u015fmede \u00f6zellikle ter\u00f6rle m\u00fccadelede olmak \u00fczere iki \u00fclke aras\u0131ndaki koordinasyonun s\u00fcrd\u00fcr\u00fclmesi gere\u011fini ifade ederken Suriye&#8217;nin ter\u00f6r \u00f6rg\u00fctleri saflar\u0131nda bulunan Uygur ter\u00f6ristlere kar\u015f\u0131 m\u00fccadelede sergiledi\u011fi i\u015fbirli\u011fini \u00f6vd\u00fc.<\/p>\n<p>Suriyeliler aras\u0131ndaki dolayl\u0131 diyalog g\u00f6r\u00fc\u015fmelerinin bu turunda ilerleme kaydedilmesi gere\u011fini ifade eden Xie; \u00c7in\u2019in Suriye&#8217;nin egemenli\u011fine ilaveten halk b\u00fct\u00fcnl\u00fc\u011f\u00fc ve toprak selametine sayg\u0131 temeline dayal\u0131 tutumunu bir kez daha belirtti.<\/p>\n<p>Di\u011fer yandan Caferi Cenevre&#8217;de Suriyeliler aras\u0131ndaki dolayl\u0131 diyalog g\u00f6r\u00fc\u015fmelerinin 3. Turu kapsam\u0131nda Rusya&#8217;n\u0131n Cenevre&#8217;de BM B\u00fcy\u00fckel\u00e7isi Alexey Borodavkin, Japonya\u2019n\u0131n Suriye&#8217;deki maslahatg\u00fczar\u0131 Futoshi Matsumoto ve \u0130ran\u2019\u0131n Suriyeliler aras\u0131ndaki g\u00f6r\u00fc\u015fmelerde \u00f6zel delegesi Hamit R\u0131za Dehkani ile benzer temaslarda bulundu.<\/p>\n<p>Yap\u0131lmakta olan g\u00f6r\u00fc\u015fmeler tururna ili\u015fkin g\u00f6r\u00fc\u015f al\u0131\u015fveri\u015finin yap\u0131ld\u0131\u011f\u0131 toplant\u0131larda Caferi; Suriye Arap Cumhuriyeti heyetinin BM genel sekreterinin Suriye \u00f6zel temsilcisi Staffan de Mistura\u2019ya sundu\u011fu ulusalc\u0131 \u00e7\u00f6z\u00fcm belgesi hakk\u0131nda bilgi verdi.<\/p>\n","protected":false},"excerpt":{"rendered":"<p>CENEVRE \u2013Suriyeliler aras\u0131nda Cenevre&#8217;de yap\u0131lan dolayl\u0131 diyalog g\u00f6r\u00fc\u015fmelerinde Suriye Arap Cumhuriyeti heyeti ba\u015fkan\u0131 Be\u015f\u015far el Caferi bug\u00fcn Cenevre&#8217;de \u00c7in\u2019\u0130n Suriye \u00f6zel temsilcisi ve daha ba\u015fka b\u00fcy\u00fckel\u00e7ilerle Suriye&#8217;deki krize siyasi \u00e7\u00f6z\u00fcm s\u00fcrecini masaya yat\u0131rd\u0131. \u00c7in\u2019in Suriye \u00f6zel temsilcisi Xie Xiaoyan ile g\u00f6r\u00fc\u015fmesinde Caferi; Suriyeliler aras\u0131ndaki diyalog s\u00fcrecinin \u00f6n\u00fcndeki engelleri kald\u0131rmakla birlikte g\u00f6r\u00fc\u015fmelerin bu turunda kayda de\u011fer &hellip;<\/p>\n","protected":false},"author":1,"featured_media":69779,"comment_status":"closed","ping_status":"closed","sticky":false,"template":"","format":"standard","meta":{"footnotes":""},"categories":[458,459,17988],"tags":[],"class_list":["post-69759","post","type-post","status-publish","format-standard","has-post-thumbnail","","category-dunya1","category-haberler-arap-uluslararasi-politika","category-son-haberler"],"_links":{"self":[{"href":"https:\/\/archive.sana.sy\/tr\/index.php?rest_route=\/wp\/v2\/posts\/69759","targetHints":{"allow":["GET"]}}],"collection":[{"href":"https:\/\/archive.sana.sy\/tr\/index.php?rest_route=\/wp\/v2\/posts"}],"about":[{"href":"https:\/\/archive.sana.sy\/tr\/index.php?rest_route=\/wp\/v2\/types\/post"}],"author":[{"embeddable":true,"href":"https:\/\/archive.sana.sy\/tr\/index.php?rest_route=\/wp\/v2\/users\/1"}],"replies":[{"embeddable":true,"href":"https:\/\/archive.sana.sy\/tr\/index.php?rest_route=%2Fwp%2Fv2%2Fcomments&post=69759"}],"version-history":[{"count":0,"href":"https:\/\/archive.sana.sy\/tr\/index.php?rest_route=\/wp\/v2\/posts\/69759\/revisions"}],"wp:featuredmedia":[{"embeddable":true,"href":"https:\/\/archive.sana.sy\/tr\/index.php?rest_route=\/wp\/v2\/media\/69779"}],"wp:attachment":[{"href":"https:\/\/archive.sana.sy\/tr\/index.php?rest_route=%2Fwp%2Fv2%2Fmedia&parent=69759"}],"wp:term":[{"taxonomy":"category","embeddable":true,"href":"https:\/\/archive.sana.sy\/tr\/index.php?rest_route=%2Fwp%2Fv2%2Fcategories&post=69759"},{"taxonomy":"post_tag","embeddable":true,"href":"https:\/\/archive.sana.sy\/tr\/index.php?rest_route=%2Fwp%2Fv2%2Ftags&post=69759"}],"curies":[{"name":"wp","href":"https:\/\/api.w.org\/{rel}","templated":true}]}}