{"id":69782,"date":"2016-04-20T10:05:15","date_gmt":"2016-04-20T07:05:15","guid":{"rendered":"http:\/\/sana.sy\/tr\/?p=69782"},"modified":"2016-04-20T10:05:15","modified_gmt":"2016-04-20T07:05:15","slug":"caferi-kimi-muhalefet-heyetleri-cekilse-de-diyalog-gorusmeleri-devam-ediyor","status":"publish","type":"post","link":"https:\/\/archive.sana.sy\/tr\/?p=69782","title":{"rendered":"Caferi: Kimi Muhalefet Heyetleri \u00c7ekilse de Diyalog G\u00f6r\u00fc\u015fmeleri Devam Ediyor"},"content":{"rendered":"<p>Cenevre\u2019de Suriyeli-Suriyeli Diyalog G\u00f6r\u00fc\u015fmelerinde Suriye Arap Cumhuriyeti Heyeti Ba\u015fkan\u0131 Be\u015f\u015far el Caferi, gruplardan biri kat\u0131l\u0131m\u0131n\u0131 ask\u0131ya alsa da bu durumun temel ilkelere ayk\u0131r\u0131l\u0131k te\u015fkil etmedi\u011fini ve dengeleri bozmad\u0131\u011f\u0131n\u0131 dile getirerek diyalog g\u00f6r\u00fc\u015fmelerinin s\u00fcrd\u00fc\u011f\u00fcn\u00fc belirtti<\/p>\n<p>https:\/\/youtu.be\/fLfn077_hrQ<\/p>\n<p>R.H.<\/p>\n","protected":false},"excerpt":{"rendered":"<p>Cenevre\u2019de Suriyeli-Suriyeli Diyalog G\u00f6r\u00fc\u015fmelerinde Suriye Arap Cumhuriyeti Heyeti Ba\u015fkan\u0131 Be\u015f\u015far el Caferi, gruplardan biri kat\u0131l\u0131m\u0131n\u0131 ask\u0131ya alsa da bu durumun temel ilkelere ayk\u0131r\u0131l\u0131k te\u015fkil etmedi\u011fini ve dengeleri bozmad\u0131\u011f\u0131n\u0131 dile getirerek diyalog g\u00f6r\u00fc\u015fmelerinin s\u00fcrd\u00fc\u011f\u00fcn\u00fc belirtti https:\/\/youtu.be\/fLfn077_hrQ R.H.<\/p>\n","protected":false},"author":1,"featured_media":69781,"comment_status":"closed","ping_status":"closed","sticky":false,"template":"","format":"standard","meta":{"footnotes":""},"categories":[18295],"tags":[20606],"class_list":["post-69782","post","type-post","status-publish","format-standard","has-post-thumbnail","","category-sana-video","tag-caferi-kimi-muhalefet-heyetleri-cekilse-de-diyalog-gorusmeleri-devam-ediyor"],"_links":{"self":[{"href":"https:\/\/archive.sana.sy\/tr\/index.php?rest_route=\/wp\/v2\/posts\/69782","targetHints":{"allow":["GET"]}}],"collection":[{"href":"https:\/\/archive.sana.sy\/tr\/index.php?rest_route=\/wp\/v2\/posts"}],"about":[{"href":"https:\/\/archive.sana.sy\/tr\/index.php?rest_route=\/wp\/v2\/types\/post"}],"author":[{"embeddable":true,"href":"https:\/\/archive.sana.sy\/tr\/index.php?rest_route=\/wp\/v2\/users\/1"}],"replies":[{"embeddable":true,"href":"https:\/\/archive.sana.sy\/tr\/index.php?rest_route=%2Fwp%2Fv2%2Fcomments&post=69782"}],"version-history":[{"count":0,"href":"https:\/\/archive.sana.sy\/tr\/index.php?rest_route=\/wp\/v2\/posts\/69782\/revisions"}],"wp:featuredmedia":[{"embeddable":true,"href":"https:\/\/archive.sana.sy\/tr\/index.php?rest_route=\/wp\/v2\/media\/69781"}],"wp:attachment":[{"href":"https:\/\/archive.sana.sy\/tr\/index.php?rest_route=%2Fwp%2Fv2%2Fmedia&parent=69782"}],"wp:term":[{"taxonomy":"category","embeddable":true,"href":"https:\/\/archive.sana.sy\/tr\/index.php?rest_route=%2Fwp%2Fv2%2Fcategories&post=69782"},{"taxonomy":"post_tag","embeddable":true,"href":"https:\/\/archive.sana.sy\/tr\/index.php?rest_route=%2Fwp%2Fv2%2Ftags&post=69782"}],"curies":[{"name":"wp","href":"https:\/\/api.w.org\/{rel}","templated":true}]}}