{"id":69802,"date":"2016-04-20T11:56:50","date_gmt":"2016-04-20T08:56:50","guid":{"rendered":"http:\/\/www.sana.sy\/tr\/?p=69802"},"modified":"2016-04-20T13:10:28","modified_gmt":"2016-04-20T10:10:28","slug":"cenevrede-suriyeliler-arasinda-yapilan-dolayli-diyalog-gorusmelerinde-suriye-arap-cumhuriyeti-heyeti-bm-genel-sekreterinin-suriye-ozel-temsilcisi-staffan-de-misturanin-yardimcisi-remzi-izze","status":"publish","type":"post","link":"https:\/\/archive.sana.sy\/tr\/?p=69802","title":{"rendered":"Cenevre&#8217;de Suriyeliler aras\u0131nda yap\u0131lan dolayl\u0131 diyalog g\u00f6r\u00fc\u015fmelerinde Suriye Arap Cumhuriyeti heyeti BM genel sekreterinin Suriye \u00f6zel temsilcisi Staffan de Mistura\u2019n\u0131n yard\u0131mc\u0131s\u0131 Remzi \u0130zzettin Remzi ile g\u00f6r\u00fc\u015fmek \u00fczere BM\u2019nin Cenevre&#8217;deki ofisine ula\u015ft\u0131"},"content":{"rendered":"<p>Cenevre&#8217;de Suriyeliler aras\u0131nda yap\u0131lan dolayl\u0131 diyalog g\u00f6r\u00fc\u015fmelerinde Suriye Arap Cumhuriyeti heyeti BM genel sekreterinin Suriye \u00f6zel temsilcisi Staffan de Mistura\u2019n\u0131n yard\u0131mc\u0131s\u0131 Remzi \u0130zzettin Remzi ile g\u00f6r\u00fc\u015fmek \u00fczere BM\u2019nin Cenevre&#8217;deki ofisine ula\u015ft\u0131<\/p>\n","protected":false},"excerpt":{"rendered":"<p>Cenevre&#8217;de Suriyeliler aras\u0131nda yap\u0131lan dolayl\u0131 diyalog g\u00f6r\u00fc\u015fmelerinde Suriye Arap Cumhuriyeti heyeti BM genel sekreterinin Suriye \u00f6zel temsilcisi Staffan de Mistura\u2019n\u0131n yard\u0131mc\u0131s\u0131 Remzi \u0130zzettin Remzi ile g\u00f6r\u00fc\u015fmek \u00fczere BM\u2019nin Cenevre&#8217;deki ofisine ula\u015ft\u0131<\/p>\n","protected":false},"author":1,"featured_media":0,"comment_status":"closed","ping_status":"closed","sticky":false,"template":"","format":"standard","meta":{"footnotes":""},"categories":[17991],"tags":[],"class_list":["post-69802","post","type-post","status-publish","format-standard","","category-son-dakika"],"_links":{"self":[{"href":"https:\/\/archive.sana.sy\/tr\/index.php?rest_route=\/wp\/v2\/posts\/69802","targetHints":{"allow":["GET"]}}],"collection":[{"href":"https:\/\/archive.sana.sy\/tr\/index.php?rest_route=\/wp\/v2\/posts"}],"about":[{"href":"https:\/\/archive.sana.sy\/tr\/index.php?rest_route=\/wp\/v2\/types\/post"}],"author":[{"embeddable":true,"href":"https:\/\/archive.sana.sy\/tr\/index.php?rest_route=\/wp\/v2\/users\/1"}],"replies":[{"embeddable":true,"href":"https:\/\/archive.sana.sy\/tr\/index.php?rest_route=%2Fwp%2Fv2%2Fcomments&post=69802"}],"version-history":[{"count":0,"href":"https:\/\/archive.sana.sy\/tr\/index.php?rest_route=\/wp\/v2\/posts\/69802\/revisions"}],"wp:attachment":[{"href":"https:\/\/archive.sana.sy\/tr\/index.php?rest_route=%2Fwp%2Fv2%2Fmedia&parent=69802"}],"wp:term":[{"taxonomy":"category","embeddable":true,"href":"https:\/\/archive.sana.sy\/tr\/index.php?rest_route=%2Fwp%2Fv2%2Fcategories&post=69802"},{"taxonomy":"post_tag","embeddable":true,"href":"https:\/\/archive.sana.sy\/tr\/index.php?rest_route=%2Fwp%2Fv2%2Ftags&post=69802"}],"curies":[{"name":"wp","href":"https:\/\/api.w.org\/{rel}","templated":true}]}}