{"id":69825,"date":"2016-04-20T13:04:12","date_gmt":"2016-04-20T10:04:12","guid":{"rendered":"http:\/\/sana.sy\/tr\/?p=69825"},"modified":"2016-04-20T13:04:12","modified_gmt":"2016-04-20T10:04:12","slug":"kultur-bakanligi-unlu-ses-sanatcisi-necah-selami-opera-merkezinde-onurlandirdi","status":"publish","type":"post","link":"https:\/\/archive.sana.sy\/tr\/?p=69825","title":{"rendered":"K\u00fclt\u00fcr Bakanl\u0131\u011f\u0131 \u00fcnl\u00fc ses sanat\u00e7\u0131s\u0131 Necah Selam\u2019\u0131 Opera Merkezinde onurland\u0131rd\u0131"},"content":{"rendered":"<p>K\u00fclt\u00fcr Bakanl\u0131\u011f\u0131 \u00fcnl\u00fc ses sanat\u00e7\u0131s\u0131 Necah Selam\u2019\u0131 Opera Merkezinde onurland\u0131rd\u0131<\/p>\n","protected":false},"excerpt":{"rendered":"<p>K\u00fclt\u00fcr Bakanl\u0131\u011f\u0131 \u00fcnl\u00fc ses sanat\u00e7\u0131s\u0131 Necah Selam\u2019\u0131 Opera Merkezinde onurland\u0131rd\u0131<\/p>\n","protected":false},"author":1,"featured_media":69813,"comment_status":"closed","ping_status":"closed","sticky":false,"template":"","format":"standard","meta":{"footnotes":""},"categories":[573],"tags":[20613],"class_list":["post-69825","post","type-post","status-publish","format-standard","has-post-thumbnail","","category-goruntulu-olaylar","tag-kultur-bakanligi-unlu-ses-sanatcisi-necah-selami-opera-merkezinde-onurlandirdi"],"_links":{"self":[{"href":"https:\/\/archive.sana.sy\/tr\/index.php?rest_route=\/wp\/v2\/posts\/69825","targetHints":{"allow":["GET"]}}],"collection":[{"href":"https:\/\/archive.sana.sy\/tr\/index.php?rest_route=\/wp\/v2\/posts"}],"about":[{"href":"https:\/\/archive.sana.sy\/tr\/index.php?rest_route=\/wp\/v2\/types\/post"}],"author":[{"embeddable":true,"href":"https:\/\/archive.sana.sy\/tr\/index.php?rest_route=\/wp\/v2\/users\/1"}],"replies":[{"embeddable":true,"href":"https:\/\/archive.sana.sy\/tr\/index.php?rest_route=%2Fwp%2Fv2%2Fcomments&post=69825"}],"version-history":[{"count":0,"href":"https:\/\/archive.sana.sy\/tr\/index.php?rest_route=\/wp\/v2\/posts\/69825\/revisions"}],"wp:featuredmedia":[{"embeddable":true,"href":"https:\/\/archive.sana.sy\/tr\/index.php?rest_route=\/wp\/v2\/media\/69813"}],"wp:attachment":[{"href":"https:\/\/archive.sana.sy\/tr\/index.php?rest_route=%2Fwp%2Fv2%2Fmedia&parent=69825"}],"wp:term":[{"taxonomy":"category","embeddable":true,"href":"https:\/\/archive.sana.sy\/tr\/index.php?rest_route=%2Fwp%2Fv2%2Fcategories&post=69825"},{"taxonomy":"post_tag","embeddable":true,"href":"https:\/\/archive.sana.sy\/tr\/index.php?rest_route=%2Fwp%2Fv2%2Ftags&post=69825"}],"curies":[{"name":"wp","href":"https:\/\/api.w.org\/{rel}","templated":true}]}}