{"id":69853,"date":"2016-04-20T10:00:56","date_gmt":"2016-04-20T07:00:56","guid":{"rendered":"http:\/\/sana.sy\/tr\/?p=69853"},"modified":"2016-04-20T13:25:36","modified_gmt":"2016-04-20T10:25:36","slug":"brezilyada-yasayan-gurbetci-heyeti-samda-emevi-camii-ve-hanaya-kilisesini-ziyaret-etti-2","status":"publish","type":"post","link":"https:\/\/archive.sana.sy\/tr\/?p=69853","title":{"rendered":"Brezilya\u2019da ya\u015fayan gurbet\u00e7i heyeti \u015eam\u2019da Emevi Camii ve Hanaya Kilisesini ziyaret etti"},"content":{"rendered":"<p>Brezilya\u2019da ya\u015fayan gurbet\u00e7i heyeti \u015eam\u2019da Emevi Camii ve Hanaya Kilisesini ziyaret etti<\/p>\n<p>https:\/\/youtu.be\/6GEkOctkcIQ<\/p>\n<p>R.H.<\/p>\n","protected":false},"excerpt":{"rendered":"<p>Brezilya\u2019da ya\u015fayan gurbet\u00e7i heyeti \u015eam\u2019da Emevi Camii ve Hanaya Kilisesini ziyaret etti https:\/\/youtu.be\/6GEkOctkcIQ R.H.<\/p>\n","protected":false},"author":1,"featured_media":69836,"comment_status":"closed","ping_status":"closed","sticky":false,"template":"","format":"standard","meta":{"footnotes":""},"categories":[18295],"tags":[20612],"class_list":["post-69853","post","type-post","status-publish","format-standard","has-post-thumbnail","","category-sana-video","tag-brezilyada-yasayan-gurbetci-heyeti-samda-emevi-camii-ve-hanaya-kilisesini-ziyaret-etti"],"_links":{"self":[{"href":"https:\/\/archive.sana.sy\/tr\/index.php?rest_route=\/wp\/v2\/posts\/69853","targetHints":{"allow":["GET"]}}],"collection":[{"href":"https:\/\/archive.sana.sy\/tr\/index.php?rest_route=\/wp\/v2\/posts"}],"about":[{"href":"https:\/\/archive.sana.sy\/tr\/index.php?rest_route=\/wp\/v2\/types\/post"}],"author":[{"embeddable":true,"href":"https:\/\/archive.sana.sy\/tr\/index.php?rest_route=\/wp\/v2\/users\/1"}],"replies":[{"embeddable":true,"href":"https:\/\/archive.sana.sy\/tr\/index.php?rest_route=%2Fwp%2Fv2%2Fcomments&post=69853"}],"version-history":[{"count":0,"href":"https:\/\/archive.sana.sy\/tr\/index.php?rest_route=\/wp\/v2\/posts\/69853\/revisions"}],"wp:featuredmedia":[{"embeddable":true,"href":"https:\/\/archive.sana.sy\/tr\/index.php?rest_route=\/wp\/v2\/media\/69836"}],"wp:attachment":[{"href":"https:\/\/archive.sana.sy\/tr\/index.php?rest_route=%2Fwp%2Fv2%2Fmedia&parent=69853"}],"wp:term":[{"taxonomy":"category","embeddable":true,"href":"https:\/\/archive.sana.sy\/tr\/index.php?rest_route=%2Fwp%2Fv2%2Fcategories&post=69853"},{"taxonomy":"post_tag","embeddable":true,"href":"https:\/\/archive.sana.sy\/tr\/index.php?rest_route=%2Fwp%2Fv2%2Ftags&post=69853"}],"curies":[{"name":"wp","href":"https:\/\/api.w.org\/{rel}","templated":true}]}}