{"id":69857,"date":"2016-04-20T11:00:08","date_gmt":"2016-04-20T08:00:08","guid":{"rendered":"http:\/\/sana.sy\/tr\/?p=69857"},"modified":"2016-04-20T13:28:11","modified_gmt":"2016-04-20T10:28:11","slug":"kultur-bakanligi-unlu-ses-sanatcisi-necah-selami-opera-merkezinde-onurlandirdi-2","status":"publish","type":"post","link":"https:\/\/archive.sana.sy\/tr\/?p=69857","title":{"rendered":"K\u00fclt\u00fcr Bakanl\u0131\u011f\u0131 \u00fcnl\u00fc ses sanat\u00e7\u0131s\u0131 Necah Selam\u2019\u0131 Opera Merkezinde onurland\u0131rd\u0131"},"content":{"rendered":"<p>K\u00fclt\u00fcr Bakanl\u0131\u011f\u0131 \u00fcnl\u00fc ses sanat\u00e7\u0131s\u0131 Necah Selam\u2019\u0131 Opera Merkezinde onurland\u0131rd\u0131<\/p>\n<p>https:\/\/youtu.be\/5NWc6xonE60<\/p>\n<p>R.H.<\/p>\n","protected":false},"excerpt":{"rendered":"<p>K\u00fclt\u00fcr Bakanl\u0131\u011f\u0131 \u00fcnl\u00fc ses sanat\u00e7\u0131s\u0131 Necah Selam\u2019\u0131 Opera Merkezinde onurland\u0131rd\u0131 https:\/\/youtu.be\/5NWc6xonE60 R.H.<\/p>\n","protected":false},"author":1,"featured_media":69841,"comment_status":"closed","ping_status":"closed","sticky":false,"template":"","format":"standard","meta":{"footnotes":""},"categories":[18295],"tags":[20613],"class_list":["post-69857","post","type-post","status-publish","format-standard","has-post-thumbnail","","category-sana-video","tag-kultur-bakanligi-unlu-ses-sanatcisi-necah-selami-opera-merkezinde-onurlandirdi"],"_links":{"self":[{"href":"https:\/\/archive.sana.sy\/tr\/index.php?rest_route=\/wp\/v2\/posts\/69857","targetHints":{"allow":["GET"]}}],"collection":[{"href":"https:\/\/archive.sana.sy\/tr\/index.php?rest_route=\/wp\/v2\/posts"}],"about":[{"href":"https:\/\/archive.sana.sy\/tr\/index.php?rest_route=\/wp\/v2\/types\/post"}],"author":[{"embeddable":true,"href":"https:\/\/archive.sana.sy\/tr\/index.php?rest_route=\/wp\/v2\/users\/1"}],"replies":[{"embeddable":true,"href":"https:\/\/archive.sana.sy\/tr\/index.php?rest_route=%2Fwp%2Fv2%2Fcomments&post=69857"}],"version-history":[{"count":0,"href":"https:\/\/archive.sana.sy\/tr\/index.php?rest_route=\/wp\/v2\/posts\/69857\/revisions"}],"wp:featuredmedia":[{"embeddable":true,"href":"https:\/\/archive.sana.sy\/tr\/index.php?rest_route=\/wp\/v2\/media\/69841"}],"wp:attachment":[{"href":"https:\/\/archive.sana.sy\/tr\/index.php?rest_route=%2Fwp%2Fv2%2Fmedia&parent=69857"}],"wp:term":[{"taxonomy":"category","embeddable":true,"href":"https:\/\/archive.sana.sy\/tr\/index.php?rest_route=%2Fwp%2Fv2%2Fcategories&post=69857"},{"taxonomy":"post_tag","embeddable":true,"href":"https:\/\/archive.sana.sy\/tr\/index.php?rest_route=%2Fwp%2Fv2%2Ftags&post=69857"}],"curies":[{"name":"wp","href":"https:\/\/api.w.org\/{rel}","templated":true}]}}