{"id":6986,"date":"2014-08-11T13:17:32","date_gmt":"2014-08-11T10:17:32","guid":{"rendered":"http:\/\/www.sana.sy\/tr\/?p=6986"},"modified":"2014-08-11T13:17:32","modified_gmt":"2014-08-11T10:17:32","slug":"maliki-irak-halkini-teyakkuza-cagirdi","status":"publish","type":"post","link":"https:\/\/archive.sana.sy\/tr\/?p=6986","title":{"rendered":"Maliki Irak Halk\u0131n\u0131 Teyakkuza \u00c7a\u011f\u0131rd\u0131"},"content":{"rendered":"<p>BAGDAT \u2013 Irak Ba\u015fbakan\u0131 Nuri el Maliki silahl\u0131 kuvvetlerin, g\u00f6n\u00fcll\u00fcler ve a\u015firet evlatlar\u0131n\u0131 \u2018Irak ve \u015eam \u0130slami Devleti\u2019 ad\u0131yla bilinen tekfirci ter\u00f6r olu\u015fumu ve t\u00fcm m\u00fcttefiklerine kar\u015f\u0131 kararl\u0131l\u0131k ve azimle m\u00fccadele etmede konumlar\u0131n\u0131 korumaya davet etti.<\/p>\n<p>Maliki bu sabah erken saatlerde yapt\u0131\u011f\u0131 hitapta; Irak\u2019\u0131n olduk\u00e7a tehlikeli ve karma\u015f\u0131k bir s\u00fcre\u00e7ten ge\u00e7ti\u011fine dikkat \u00e7ekerek; Irak halk\u0131n\u0131 daha fazla teyakkuz ve \u00f6nlem i\u00e7inde olmalar\u0131na \u00e7a\u011f\u0131rd\u0131.<\/p>\n<p>Irak\u2019\u0131n ter\u00f6r\u00fc bertaraf etmesinin yan\u0131nda kanun ka\u00e7aklar\u0131 ve yurti\u00e7i-yurtd\u0131\u015f\u0131ndaki m\u00fcttefiklerini yenilgiye u\u011fratma g\u00fcc\u00fcne sahip oldu\u011funa inand\u0131\u011f\u0131n\u0131 ifade eden Maliki; istisnas\u0131z t\u00fcm Irakl\u0131lar\u0131n sava\u015f\u0131 olan ter\u00f6re kar\u015f\u0131 m\u00fccadelede zaferden emin oldu\u011funu s\u00f6yledi.<\/p>\n<p>&nbsp;<\/p>\n<p>&nbsp;<\/p>\n<p>&nbsp;<\/p>\n<p>&nbsp;<\/p>\n","protected":false},"excerpt":{"rendered":"<p>BAGDAT \u2013 Irak Ba\u015fbakan\u0131 Nuri el Maliki silahl\u0131 kuvvetlerin, g\u00f6n\u00fcll\u00fcler ve a\u015firet evlatlar\u0131n\u0131 \u2018Irak ve \u015eam \u0130slami Devleti\u2019 ad\u0131yla bilinen tekfirci ter\u00f6r olu\u015fumu ve t\u00fcm m\u00fcttefiklerine kar\u015f\u0131 kararl\u0131l\u0131k ve azimle m\u00fccadele etmede konumlar\u0131n\u0131 korumaya davet etti. Maliki bu sabah erken saatlerde yapt\u0131\u011f\u0131 hitapta; Irak\u2019\u0131n olduk\u00e7a tehlikeli ve karma\u015f\u0131k bir s\u00fcre\u00e7ten ge\u00e7ti\u011fine dikkat \u00e7ekerek; Irak halk\u0131n\u0131 &hellip;<\/p>\n","protected":false},"author":1,"featured_media":6987,"comment_status":"closed","ping_status":"closed","sticky":false,"template":"","format":"standard","meta":{"footnotes":""},"categories":[458,459,447],"tags":[1566],"class_list":["post-6986","post","type-post","status-publish","format-standard","has-post-thumbnail","","category-dunya1","category-haberler-arap-uluslararasi-politika","category-politika","tag-maliki-irak-halkini-teyakkuza-cagirdi"],"_links":{"self":[{"href":"https:\/\/archive.sana.sy\/tr\/index.php?rest_route=\/wp\/v2\/posts\/6986","targetHints":{"allow":["GET"]}}],"collection":[{"href":"https:\/\/archive.sana.sy\/tr\/index.php?rest_route=\/wp\/v2\/posts"}],"about":[{"href":"https:\/\/archive.sana.sy\/tr\/index.php?rest_route=\/wp\/v2\/types\/post"}],"author":[{"embeddable":true,"href":"https:\/\/archive.sana.sy\/tr\/index.php?rest_route=\/wp\/v2\/users\/1"}],"replies":[{"embeddable":true,"href":"https:\/\/archive.sana.sy\/tr\/index.php?rest_route=%2Fwp%2Fv2%2Fcomments&post=6986"}],"version-history":[{"count":0,"href":"https:\/\/archive.sana.sy\/tr\/index.php?rest_route=\/wp\/v2\/posts\/6986\/revisions"}],"wp:featuredmedia":[{"embeddable":true,"href":"https:\/\/archive.sana.sy\/tr\/index.php?rest_route=\/wp\/v2\/media\/6987"}],"wp:attachment":[{"href":"https:\/\/archive.sana.sy\/tr\/index.php?rest_route=%2Fwp%2Fv2%2Fmedia&parent=6986"}],"wp:term":[{"taxonomy":"category","embeddable":true,"href":"https:\/\/archive.sana.sy\/tr\/index.php?rest_route=%2Fwp%2Fv2%2Fcategories&post=6986"},{"taxonomy":"post_tag","embeddable":true,"href":"https:\/\/archive.sana.sy\/tr\/index.php?rest_route=%2Fwp%2Fv2%2Ftags&post=6986"}],"curies":[{"name":"wp","href":"https:\/\/api.w.org\/{rel}","templated":true}]}}