{"id":69881,"date":"2016-04-20T14:54:58","date_gmt":"2016-04-20T11:54:58","guid":{"rendered":"http:\/\/www.sana.sy\/tr\/?p=69881"},"modified":"2016-04-21T10:24:55","modified_gmt":"2016-04-21T07:24:55","slug":"askeri-kaynak-haberi-yalanladi","status":"publish","type":"post","link":"https:\/\/archive.sana.sy\/tr\/?p=69881","title":{"rendered":"Askeri Kaynak Haberi Yalanlad\u0131"},"content":{"rendered":"<p>\u015eAM \u2013 Askeri bir kaynak SANA\u2019ya a\u00e7\u0131klamas\u0131nda ter\u00f6r \u00f6rg\u00fctleri ve Suriye halk\u0131n\u0131n kanlar\u0131n\u0131n ak\u0131t\u0131lmas\u0131nda ortak bir k\u0131s\u0131m medya ara\u00e7lar\u0131n\u0131n d\u00fcn Suriye ordusunun \u0130dlib k\u0131rsal\u0131nda sivil yerle\u015fim alanlar\u0131n\u0131 hedef ald\u0131\u011f\u0131na ili\u015fkin haberlerin ger\u00e7ekle hi\u00e7bir ilgisi olmad\u0131\u011f\u0131n\u0131 belirtti.<\/p>\n<p>Suriye ordusunun hava, kara ve muhtelif birlikleriyle kesinlikle sivilleri hedef almad\u0131\u011f\u0131n\u0131n alt\u0131n\u0131 \u00e7izen kaynak; Suriye ve halk\u0131na kar\u015f\u0131 vah\u015fi sald\u0131r\u0131larda bulunan tekfirci ter\u00f6re kar\u015f\u0131 sava\u015f\u0131n\u0131 hassas, duyarl\u0131 ve dakik bir \u015fekilde s\u00fcrd\u00fcrd\u00fc\u011f\u00fcn\u00fc vurgulad\u0131.<\/p>\n<p>Kaynak Suriye ve halk\u0131na y\u00f6nelik evrensel sava\u015f\u0131n ba\u015f\u0131ndan beri ger\u00e7ekleri \u00e7arp\u0131t\u0131p kamuoyunu kand\u0131ran bu medya ara\u00e7lar\u0131n\u0131n, siyasi bask\u0131 amac\u0131yla yalan ve provokasyonunu s\u00fcrd\u00fcrd\u00fc\u011f\u00fcne dikkat \u00e7ekti.<\/p>\n<p>Ter\u00f6r \u00e7eteleri ve onlar\u0131 provoke edip \u00f6rt\u00fc temin etmekle Suriye halk\u0131n\u0131n kanlar\u0131n\u0131n ak\u0131t\u0131lmas\u0131 su\u00e7una ortak olan bir k\u0131s\u0131m medya ara\u00e7lar\u0131, Suriye hava g\u00fc\u00e7lerinin d\u00fcn \u0130dlib iline tabi Muarratulnuman Kentinde sivil yerle\u015fim alanlar\u0131n\u0131 hedef ald\u0131\u011f\u0131 konusunda ger\u00e7ekle ilgisi olmayan iddialarda bulunmu\u015flard\u0131.<\/p>\n","protected":false},"excerpt":{"rendered":"<p>\u015eAM \u2013 Askeri bir kaynak SANA\u2019ya a\u00e7\u0131klamas\u0131nda ter\u00f6r \u00f6rg\u00fctleri ve Suriye halk\u0131n\u0131n kanlar\u0131n\u0131n ak\u0131t\u0131lmas\u0131nda ortak bir k\u0131s\u0131m medya ara\u00e7lar\u0131n\u0131n d\u00fcn Suriye ordusunun \u0130dlib k\u0131rsal\u0131nda sivil yerle\u015fim alanlar\u0131n\u0131 hedef ald\u0131\u011f\u0131na ili\u015fkin haberlerin ger\u00e7ekle hi\u00e7bir ilgisi olmad\u0131\u011f\u0131n\u0131 belirtti. Suriye ordusunun hava, kara ve muhtelif birlikleriyle kesinlikle sivilleri hedef almad\u0131\u011f\u0131n\u0131n alt\u0131n\u0131 \u00e7izen kaynak; Suriye ve halk\u0131na kar\u015f\u0131 vah\u015fi &hellip;<\/p>\n","protected":false},"author":1,"featured_media":68053,"comment_status":"closed","ping_status":"closed","sticky":false,"template":"","format":"standard","meta":{"footnotes":""},"categories":[479,575,17988,478],"tags":[1031,20628,20627,18485,11549],"class_list":["post-69881","post","type-post","status-publish","format-standard","has-post-thumbnail","","category-haberler-yerel","category-olaylar-ve-gercekler","category-son-haberler","category-yerel","tag-askeri-kaynak","tag-falso-haber","tag-haber-yalan","tag-medya-araclari","tag-suriye-ordusu"],"_links":{"self":[{"href":"https:\/\/archive.sana.sy\/tr\/index.php?rest_route=\/wp\/v2\/posts\/69881","targetHints":{"allow":["GET"]}}],"collection":[{"href":"https:\/\/archive.sana.sy\/tr\/index.php?rest_route=\/wp\/v2\/posts"}],"about":[{"href":"https:\/\/archive.sana.sy\/tr\/index.php?rest_route=\/wp\/v2\/types\/post"}],"author":[{"embeddable":true,"href":"https:\/\/archive.sana.sy\/tr\/index.php?rest_route=\/wp\/v2\/users\/1"}],"replies":[{"embeddable":true,"href":"https:\/\/archive.sana.sy\/tr\/index.php?rest_route=%2Fwp%2Fv2%2Fcomments&post=69881"}],"version-history":[{"count":0,"href":"https:\/\/archive.sana.sy\/tr\/index.php?rest_route=\/wp\/v2\/posts\/69881\/revisions"}],"wp:featuredmedia":[{"embeddable":true,"href":"https:\/\/archive.sana.sy\/tr\/index.php?rest_route=\/wp\/v2\/media\/68053"}],"wp:attachment":[{"href":"https:\/\/archive.sana.sy\/tr\/index.php?rest_route=%2Fwp%2Fv2%2Fmedia&parent=69881"}],"wp:term":[{"taxonomy":"category","embeddable":true,"href":"https:\/\/archive.sana.sy\/tr\/index.php?rest_route=%2Fwp%2Fv2%2Fcategories&post=69881"},{"taxonomy":"post_tag","embeddable":true,"href":"https:\/\/archive.sana.sy\/tr\/index.php?rest_route=%2Fwp%2Fv2%2Ftags&post=69881"}],"curies":[{"name":"wp","href":"https:\/\/api.w.org\/{rel}","templated":true}]}}