{"id":69886,"date":"2016-04-20T15:25:53","date_gmt":"2016-04-20T12:25:53","guid":{"rendered":"http:\/\/www.sana.sy\/tr\/?p=69886"},"modified":"2016-04-20T15:25:43","modified_gmt":"2016-04-20T12:25:43","slug":"heyet-baskani-caferi-toplantida-ayrica-terorle-mucadeleye-iliskin-uluslar-arasi-kararlarin-ciddi-ve-etkin-bir-sekilde-hayata-gecirilmesi-icin-suriyede-isid-nusra-cephesi-ve-benzeri-teror-orgutleri","status":"publish","type":"post","link":"https:\/\/archive.sana.sy\/tr\/?p=69886","title":{"rendered":"Heyet ba\u015fkan\u0131 Caferi toplant\u0131da ayr\u0131ca ter\u00f6rle m\u00fccadeleye ili\u015fkin uluslar aras\u0131 kararlar\u0131n ciddi ve etkin bir \u015fekilde hayata ge\u00e7irilmesi i\u00e7in Suriye&#8217;de I\u015e\u0130D, Nusra Cephesi ve benzeri ter\u00f6r \u00f6rg\u00fctleri destekleyen devletlere bask\u0131 uygulanmas\u0131 konusunu masaya yat\u0131rd\u0131klar\u0131n\u0131 s\u00f6yledi."},"content":{"rendered":"<p>Heyet ba\u015fkan\u0131 Caferi toplant\u0131da ayr\u0131ca ter\u00f6rle m\u00fccadeleye ili\u015fkin uluslar aras\u0131 kararlar\u0131n ciddi ve etkin bir \u015fekilde hayata ge\u00e7irilmesi i\u00e7in Suriye&#8217;de I\u015e\u0130D, Nusra Cephesi ve benzeri ter\u00f6r \u00f6rg\u00fctleri destekleyen devletlere bask\u0131 uygulanmas\u0131 konusunu masaya yat\u0131rd\u0131klar\u0131n\u0131 s\u00f6yledi.<\/p>\n","protected":false},"excerpt":{"rendered":"<p>Heyet ba\u015fkan\u0131 Caferi toplant\u0131da ayr\u0131ca ter\u00f6rle m\u00fccadeleye ili\u015fkin uluslar aras\u0131 kararlar\u0131n ciddi ve etkin bir \u015fekilde hayata ge\u00e7irilmesi i\u00e7in Suriye&#8217;de I\u015e\u0130D, Nusra Cephesi ve benzeri ter\u00f6r \u00f6rg\u00fctleri destekleyen devletlere bask\u0131 uygulanmas\u0131 konusunu masaya yat\u0131rd\u0131klar\u0131n\u0131 s\u00f6yledi.<\/p>\n","protected":false},"author":1,"featured_media":0,"comment_status":"closed","ping_status":"closed","sticky":false,"template":"","format":"standard","meta":{"footnotes":""},"categories":[17991],"tags":[],"class_list":["post-69886","post","type-post","status-publish","format-standard","","category-son-dakika"],"_links":{"self":[{"href":"https:\/\/archive.sana.sy\/tr\/index.php?rest_route=\/wp\/v2\/posts\/69886","targetHints":{"allow":["GET"]}}],"collection":[{"href":"https:\/\/archive.sana.sy\/tr\/index.php?rest_route=\/wp\/v2\/posts"}],"about":[{"href":"https:\/\/archive.sana.sy\/tr\/index.php?rest_route=\/wp\/v2\/types\/post"}],"author":[{"embeddable":true,"href":"https:\/\/archive.sana.sy\/tr\/index.php?rest_route=\/wp\/v2\/users\/1"}],"replies":[{"embeddable":true,"href":"https:\/\/archive.sana.sy\/tr\/index.php?rest_route=%2Fwp%2Fv2%2Fcomments&post=69886"}],"version-history":[{"count":0,"href":"https:\/\/archive.sana.sy\/tr\/index.php?rest_route=\/wp\/v2\/posts\/69886\/revisions"}],"wp:attachment":[{"href":"https:\/\/archive.sana.sy\/tr\/index.php?rest_route=%2Fwp%2Fv2%2Fmedia&parent=69886"}],"wp:term":[{"taxonomy":"category","embeddable":true,"href":"https:\/\/archive.sana.sy\/tr\/index.php?rest_route=%2Fwp%2Fv2%2Fcategories&post=69886"},{"taxonomy":"post_tag","embeddable":true,"href":"https:\/\/archive.sana.sy\/tr\/index.php?rest_route=%2Fwp%2Fv2%2Ftags&post=69886"}],"curies":[{"name":"wp","href":"https:\/\/api.w.org\/{rel}","templated":true}]}}