{"id":69889,"date":"2016-04-20T15:18:01","date_gmt":"2016-04-20T12:18:01","guid":{"rendered":"http:\/\/sana.sy\/tr\/?p=69889"},"modified":"2016-04-22T16:17:49","modified_gmt":"2016-04-22T13:17:49","slug":"muhalefetin-bu-karari-ciddiyetsizligini-kanitliyor","status":"publish","type":"post","link":"https:\/\/archive.sana.sy\/tr\/?p=69889","title":{"rendered":"Muhalefetin Bu Karar\u0131 Ciddiyetsizli\u011fini Kan\u0131tl\u0131yor"},"content":{"rendered":"<p>PRAG \u2013 \u00c7ek Cumhuriyetine iki g\u00fcnl\u00fck i\u015f gezisinde bulunan D\u0131\u015fi\u015fleri ve Gurbet\u00e7iler Bakan Yard\u0131mc\u0131s\u0131 Faysal Mikdat ba\u015fkent Prag\u2019a ula\u015fmas\u0131 ard\u0131ndan SANA muhabirine yapt\u0131\u011f\u0131 a\u00e7\u0131klamada; \u2018Riyad muhalefeti\u2019 heyetinin Cenevre&#8217;de Suriyeliler aras\u0131ndaki diyalog g\u00f6r\u00fc\u015fmelerine kat\u0131l\u0131m\u0131n\u0131 ask\u0131ya almas\u0131n\u0131n, siyasi \u00e7\u00f6z\u00fcm\u00fcn sa\u011flanmas\u0131ndaki ciddiyetsizli\u011fini kan\u0131tlad\u0131\u011f\u0131n\u0131 belirtti.<\/p>\n<p>Mikdat; \u2018Riyad muhalefetinin\u2019 bu pehlivans\u0131 hareketinin, bizzat kendi karar\u0131 olmad\u0131\u011f\u0131n\u0131 ifade ederken, tabi oldu\u011fu ABD, Suudi Arabistan, T\u00fcrkiye ve Katar\u2019\u0131n karar\u0131 oldu\u011funu s\u00f6yledi.<\/p>\n<p>Suriye Arap Cumhuriyeti heyetinin Cenevre&#8217;ye ba\u015far\u0131l\u0131 sonu\u00e7lar elde edilmesi ve ciddi bir ilerlemenin sa\u011flanmas\u0131 amac\u0131yla gayet net ve ger\u00e7ek\u00e7i bir programla gitti\u011fine dikkat \u00e7eken Mikdat; g\u00f6r\u00fc\u015fmelerin Suriyeliler ile di\u011fer taraflar aras\u0131nda de\u011fil de bizzat Suriyelilerin kendi aralar\u0131nda olmas\u0131 gerekti\u011fini ifade etti.<\/p>\n<p>\u00c7ek Cumhuriyetine ziyareti konusunda Mikdat; AB\u2019ye \u00fcye bu devletin yetkilileri ile bir dizi temaslarda bulunaca\u011f\u0131n\u0131, ard\u0131ndan da uluslar aras\u0131 \u00f6rg\u00fct ve organizasyon yetkilileriyle temaslarda bulunmak \u00fczere Lahey Kentini ziyaret edece\u011fini s\u00f6zlerine ekledi.<\/p>\n<p>Mikdat Suriyeli bir\u00e7ok heyetin yak\u0131n bir s\u00fcre i\u00e7inde daha ba\u015fka AB \u00fclkelerine benzer i\u015f gezilerinde bulunmalar\u0131 konusunda umutlar\u0131n\u0131 ifade etti.<\/p>\n","protected":false},"excerpt":{"rendered":"<p>PRAG \u2013 \u00c7ek Cumhuriyetine iki g\u00fcnl\u00fck i\u015f gezisinde bulunan D\u0131\u015fi\u015fleri ve Gurbet\u00e7iler Bakan Yard\u0131mc\u0131s\u0131 Faysal Mikdat ba\u015fkent Prag\u2019a ula\u015fmas\u0131 ard\u0131ndan SANA muhabirine yapt\u0131\u011f\u0131 a\u00e7\u0131klamada; \u2018Riyad muhalefeti\u2019 heyetinin Cenevre&#8217;de Suriyeliler aras\u0131ndaki diyalog g\u00f6r\u00fc\u015fmelerine kat\u0131l\u0131m\u0131n\u0131 ask\u0131ya almas\u0131n\u0131n, siyasi \u00e7\u00f6z\u00fcm\u00fcn sa\u011flanmas\u0131ndaki ciddiyetsizli\u011fini kan\u0131tlad\u0131\u011f\u0131n\u0131 belirtti. Mikdat; \u2018Riyad muhalefetinin\u2019 bu pehlivans\u0131 hareketinin, bizzat kendi karar\u0131 olmad\u0131\u011f\u0131n\u0131 ifade ederken, tabi oldu\u011fu &hellip;<\/p>\n","protected":false},"author":1,"featured_media":62142,"comment_status":"closed","ping_status":"closed","sticky":false,"template":"","format":"standard","meta":{"footnotes":""},"categories":[458,459,17988],"tags":[],"class_list":["post-69889","post","type-post","status-publish","format-standard","has-post-thumbnail","","category-dunya1","category-haberler-arap-uluslararasi-politika","category-son-haberler"],"_links":{"self":[{"href":"https:\/\/archive.sana.sy\/tr\/index.php?rest_route=\/wp\/v2\/posts\/69889","targetHints":{"allow":["GET"]}}],"collection":[{"href":"https:\/\/archive.sana.sy\/tr\/index.php?rest_route=\/wp\/v2\/posts"}],"about":[{"href":"https:\/\/archive.sana.sy\/tr\/index.php?rest_route=\/wp\/v2\/types\/post"}],"author":[{"embeddable":true,"href":"https:\/\/archive.sana.sy\/tr\/index.php?rest_route=\/wp\/v2\/users\/1"}],"replies":[{"embeddable":true,"href":"https:\/\/archive.sana.sy\/tr\/index.php?rest_route=%2Fwp%2Fv2%2Fcomments&post=69889"}],"version-history":[{"count":0,"href":"https:\/\/archive.sana.sy\/tr\/index.php?rest_route=\/wp\/v2\/posts\/69889\/revisions"}],"wp:featuredmedia":[{"embeddable":true,"href":"https:\/\/archive.sana.sy\/tr\/index.php?rest_route=\/wp\/v2\/media\/62142"}],"wp:attachment":[{"href":"https:\/\/archive.sana.sy\/tr\/index.php?rest_route=%2Fwp%2Fv2%2Fmedia&parent=69889"}],"wp:term":[{"taxonomy":"category","embeddable":true,"href":"https:\/\/archive.sana.sy\/tr\/index.php?rest_route=%2Fwp%2Fv2%2Fcategories&post=69889"},{"taxonomy":"post_tag","embeddable":true,"href":"https:\/\/archive.sana.sy\/tr\/index.php?rest_route=%2Fwp%2Fv2%2Ftags&post=69889"}],"curies":[{"name":"wp","href":"https:\/\/api.w.org\/{rel}","templated":true}]}}