{"id":69900,"date":"2016-04-20T15:33:01","date_gmt":"2016-04-20T12:33:01","guid":{"rendered":"http:\/\/www.sana.sy\/tr\/?p=69900"},"modified":"2016-04-20T15:31:22","modified_gmt":"2016-04-20T12:31:22","slug":"suriye-heyetinin-gorusmelerin-ucuncu-turunda-su-ana-dek-de-mistura-yardimcisi-ve-eslik-eden-ekiple-birlikte-3-resmi-toplanti-duzenledigine-dikkat-ceken-caferi-bunun-da-suriyeliler-arasindaki-diyalog","status":"publish","type":"post","link":"https:\/\/archive.sana.sy\/tr\/?p=69900","title":{"rendered":"Suriye heyetinin g\u00f6r\u00fc\u015fmelerin \u00fc\u00e7\u00fcnc\u00fc turunda \u015fu ana dek de Mistura, yard\u0131mc\u0131s\u0131 ve e\u015flik eden ekiple birlikte 3 resmi toplant\u0131 d\u00fczenledi\u011fine dikkat \u00e7eken Caferi; bunun da Suriyeliler aras\u0131ndaki diyalog g\u00f6r\u00fc\u015fmeleri ve bu g\u00f6r\u00fc\u015fmelerle siyasi \u00e7\u00f6z\u00fcm\u00fcn sa\u011flanmas\u0131ndaki ciddiyet ve \u00f6zenini net bir \u015fekilde ortaya koydu\u011funu vurgulad\u0131. Caferi bu ba\u011flamda herhangi bir d\u0131\u015f m\u00fcdahale ya da dayatman\u0131n olmamas\u0131 gere\u011finin bir kez daha alt\u0131n\u0131 \u00e7izdi"},"content":{"rendered":"<p>Suriye heyetinin g\u00f6r\u00fc\u015fmelerin \u00fc\u00e7\u00fcnc\u00fc turunda \u015fu ana dek de Mistura, yard\u0131mc\u0131s\u0131 ve e\u015flik eden ekiple birlikte 3 resmi toplant\u0131 d\u00fczenledi\u011fine dikkat \u00e7eken Caferi; bunun da Suriyeliler aras\u0131ndaki diyalog g\u00f6r\u00fc\u015fmeleri ve bu g\u00f6r\u00fc\u015fmelerle siyasi \u00e7\u00f6z\u00fcm\u00fcn sa\u011flanmas\u0131ndaki ciddiyet ve \u00f6zenini net bir \u015fekilde ortaya koydu\u011funu vurgulad\u0131. Caferi bu ba\u011flamda herhangi bir d\u0131\u015f m\u00fcdahale ya da dayatman\u0131n olmamas\u0131 gere\u011finin bir kez daha alt\u0131n\u0131 \u00e7izdi<\/p>\n","protected":false},"excerpt":{"rendered":"<p>Suriye heyetinin g\u00f6r\u00fc\u015fmelerin \u00fc\u00e7\u00fcnc\u00fc turunda \u015fu ana dek de Mistura, yard\u0131mc\u0131s\u0131 ve e\u015flik eden ekiple birlikte 3 resmi toplant\u0131 d\u00fczenledi\u011fine dikkat \u00e7eken Caferi; bunun da Suriyeliler aras\u0131ndaki diyalog g\u00f6r\u00fc\u015fmeleri ve bu g\u00f6r\u00fc\u015fmelerle siyasi \u00e7\u00f6z\u00fcm\u00fcn sa\u011flanmas\u0131ndaki ciddiyet ve \u00f6zenini net bir \u015fekilde ortaya koydu\u011funu vurgulad\u0131. Caferi bu ba\u011flamda herhangi bir d\u0131\u015f m\u00fcdahale ya da dayatman\u0131n olmamas\u0131 &hellip;<\/p>\n","protected":false},"author":1,"featured_media":0,"comment_status":"closed","ping_status":"closed","sticky":false,"template":"","format":"standard","meta":{"footnotes":""},"categories":[17991],"tags":[],"class_list":["post-69900","post","type-post","status-publish","format-standard","","category-son-dakika"],"_links":{"self":[{"href":"https:\/\/archive.sana.sy\/tr\/index.php?rest_route=\/wp\/v2\/posts\/69900","targetHints":{"allow":["GET"]}}],"collection":[{"href":"https:\/\/archive.sana.sy\/tr\/index.php?rest_route=\/wp\/v2\/posts"}],"about":[{"href":"https:\/\/archive.sana.sy\/tr\/index.php?rest_route=\/wp\/v2\/types\/post"}],"author":[{"embeddable":true,"href":"https:\/\/archive.sana.sy\/tr\/index.php?rest_route=\/wp\/v2\/users\/1"}],"replies":[{"embeddable":true,"href":"https:\/\/archive.sana.sy\/tr\/index.php?rest_route=%2Fwp%2Fv2%2Fcomments&post=69900"}],"version-history":[{"count":0,"href":"https:\/\/archive.sana.sy\/tr\/index.php?rest_route=\/wp\/v2\/posts\/69900\/revisions"}],"wp:attachment":[{"href":"https:\/\/archive.sana.sy\/tr\/index.php?rest_route=%2Fwp%2Fv2%2Fmedia&parent=69900"}],"wp:term":[{"taxonomy":"category","embeddable":true,"href":"https:\/\/archive.sana.sy\/tr\/index.php?rest_route=%2Fwp%2Fv2%2Fcategories&post=69900"},{"taxonomy":"post_tag","embeddable":true,"href":"https:\/\/archive.sana.sy\/tr\/index.php?rest_route=%2Fwp%2Fv2%2Ftags&post=69900"}],"curies":[{"name":"wp","href":"https:\/\/api.w.org\/{rel}","templated":true}]}}