{"id":69906,"date":"2016-04-20T15:45:44","date_gmt":"2016-04-20T12:45:44","guid":{"rendered":"http:\/\/www.sana.sy\/tr\/?p=69906"},"modified":"2016-04-20T15:43:49","modified_gmt":"2016-04-20T12:43:49","slug":"sozlerine-devam-eden-caferi-riyad-muhalefeti-heyetinin-cenevre-gorusmelerinden-cekilmesi-halinde-herhangi-bir-kaybin-olmayacagini-belirtti-caferi-bu-heyetin-suriye-halkini-temsil-e","status":"publish","type":"post","link":"https:\/\/archive.sana.sy\/tr\/?p=69906","title":{"rendered":"S\u00f6zlerine devam eden Caferi; \u2018Riyad muhalefeti\u2019 heyetinin Cenevre g\u00f6r\u00fc\u015fmelerinden \u00e7ekilmesi halinde herhangi bir kayb\u0131n olmayaca\u011f\u0131n\u0131 belirtti. Caferi bu heyetin Suriye halk\u0131n\u0131 temsil etmemesiyle g\u00f6r\u00fc\u015fmelerden \u00e7ekilmesinin, tam tersine belki de \u00e7\u00f6z\u00fcm y\u00f6n\u00fcnde b\u00fcy\u00fck bir engelin ortadan kalkm\u0131\u015f olaca\u011f\u0131n\u0131 ifade etti."},"content":{"rendered":"<p>S\u00f6zlerine devam eden Caferi; \u2018Riyad muhalefeti\u2019 heyetinin Cenevre g\u00f6r\u00fc\u015fmelerinden \u00e7ekilmesi halinde herhangi bir kayb\u0131n olmayaca\u011f\u0131n\u0131 belirtti. Caferi bu heyetin Suriye halk\u0131n\u0131 temsil etmemesiyle g\u00f6r\u00fc\u015fmelerden \u00e7ekilmesinin, tam tersine belki de \u00e7\u00f6z\u00fcm y\u00f6n\u00fcnde b\u00fcy\u00fck bir engelin ortadan kalkm\u0131\u015f olaca\u011f\u0131n\u0131 ifade etti.<\/p>\n","protected":false},"excerpt":{"rendered":"<p>S\u00f6zlerine devam eden Caferi; \u2018Riyad muhalefeti\u2019 heyetinin Cenevre g\u00f6r\u00fc\u015fmelerinden \u00e7ekilmesi halinde herhangi bir kayb\u0131n olmayaca\u011f\u0131n\u0131 belirtti. Caferi bu heyetin Suriye halk\u0131n\u0131 temsil etmemesiyle g\u00f6r\u00fc\u015fmelerden \u00e7ekilmesinin, tam tersine belki de \u00e7\u00f6z\u00fcm y\u00f6n\u00fcnde b\u00fcy\u00fck bir engelin ortadan kalkm\u0131\u015f olaca\u011f\u0131n\u0131 ifade etti.<\/p>\n","protected":false},"author":1,"featured_media":0,"comment_status":"closed","ping_status":"closed","sticky":false,"template":"","format":"standard","meta":{"footnotes":""},"categories":[17991],"tags":[],"class_list":["post-69906","post","type-post","status-publish","format-standard","","category-son-dakika"],"_links":{"self":[{"href":"https:\/\/archive.sana.sy\/tr\/index.php?rest_route=\/wp\/v2\/posts\/69906","targetHints":{"allow":["GET"]}}],"collection":[{"href":"https:\/\/archive.sana.sy\/tr\/index.php?rest_route=\/wp\/v2\/posts"}],"about":[{"href":"https:\/\/archive.sana.sy\/tr\/index.php?rest_route=\/wp\/v2\/types\/post"}],"author":[{"embeddable":true,"href":"https:\/\/archive.sana.sy\/tr\/index.php?rest_route=\/wp\/v2\/users\/1"}],"replies":[{"embeddable":true,"href":"https:\/\/archive.sana.sy\/tr\/index.php?rest_route=%2Fwp%2Fv2%2Fcomments&post=69906"}],"version-history":[{"count":0,"href":"https:\/\/archive.sana.sy\/tr\/index.php?rest_route=\/wp\/v2\/posts\/69906\/revisions"}],"wp:attachment":[{"href":"https:\/\/archive.sana.sy\/tr\/index.php?rest_route=%2Fwp%2Fv2%2Fmedia&parent=69906"}],"wp:term":[{"taxonomy":"category","embeddable":true,"href":"https:\/\/archive.sana.sy\/tr\/index.php?rest_route=%2Fwp%2Fv2%2Fcategories&post=69906"},{"taxonomy":"post_tag","embeddable":true,"href":"https:\/\/archive.sana.sy\/tr\/index.php?rest_route=%2Fwp%2Fv2%2Ftags&post=69906"}],"curies":[{"name":"wp","href":"https:\/\/api.w.org\/{rel}","templated":true}]}}