{"id":69913,"date":"2016-04-20T15:55:40","date_gmt":"2016-04-20T12:55:40","guid":{"rendered":"http:\/\/www.sana.sy\/tr\/?p=69913"},"modified":"2016-04-20T16:01:30","modified_gmt":"2016-04-20T13:01:30","slug":"suriyedeki-krize-cozum-konusunda-one-surulen-tum-kosullar-ve-her-seye-ragmen-krize-siyasi-cozumun-genisletilmis-ulusal-hukumet-yeni-bir-anayasa-ve-yeni-bir-parlamento-secimi-oldugunun-altini-cizen","status":"publish","type":"post","link":"https:\/\/archive.sana.sy\/tr\/?p=69913","title":{"rendered":"Suriye&#8217;deki krize \u00e7\u00f6z\u00fcm konusunda \u00f6ne s\u00fcr\u00fclen t\u00fcm ko\u015fullar ve her \u015feye ra\u011fmen krize siyasi \u00e7\u00f6z\u00fcm\u00fcn geni\u015fletilmi\u015f ulusal h\u00fck\u00fcmet, yeni bir anayasa ve yeni bir parlamento se\u00e7imi oldu\u011funun alt\u0131n\u0131 \u00e7izen Caferi, bunun haricinde d\u00fc\u015f\u00fcnen herhangi bir grup ya da taraf\u0131n tamamen hayallere kap\u0131ld\u0131\u011f\u0131n\u0131, Cenevre g\u00f6r\u00fc\u015fmelerini engelledi\u011fini, kendisi ve Suriye heyetinin zaman\u0131n\u0131 kaybetti\u011fini vurgulad\u0131"},"content":{"rendered":"<p>Suriye&#8217;deki krize \u00e7\u00f6z\u00fcm konusunda \u00f6ne s\u00fcr\u00fclen t\u00fcm ko\u015fullar ve her \u015feye ra\u011fmen krize siyasi \u00e7\u00f6z\u00fcm\u00fcn geni\u015fletilmi\u015f ulusal h\u00fck\u00fcmet, yeni bir anayasa ve yeni bir parlamento se\u00e7imi oldu\u011funun alt\u0131n\u0131 \u00e7izen Caferi, bunun haricinde d\u00fc\u015f\u00fcnen herhangi bir grup ya da taraf\u0131n tamamen hayallere kap\u0131ld\u0131\u011f\u0131n\u0131, Cenevre g\u00f6r\u00fc\u015fmelerini engelledi\u011fini, kendisi ve Suriye heyetinin zaman\u0131n\u0131 kaybetti\u011fini vurgulad\u0131<\/p>\n","protected":false},"excerpt":{"rendered":"<p>Suriye&#8217;deki krize \u00e7\u00f6z\u00fcm konusunda \u00f6ne s\u00fcr\u00fclen t\u00fcm ko\u015fullar ve her \u015feye ra\u011fmen krize siyasi \u00e7\u00f6z\u00fcm\u00fcn geni\u015fletilmi\u015f ulusal h\u00fck\u00fcmet, yeni bir anayasa ve yeni bir parlamento se\u00e7imi oldu\u011funun alt\u0131n\u0131 \u00e7izen Caferi, bunun haricinde d\u00fc\u015f\u00fcnen herhangi bir grup ya da taraf\u0131n tamamen hayallere kap\u0131ld\u0131\u011f\u0131n\u0131, Cenevre g\u00f6r\u00fc\u015fmelerini engelledi\u011fini, kendisi ve Suriye heyetinin zaman\u0131n\u0131 kaybetti\u011fini vurgulad\u0131<\/p>\n","protected":false},"author":1,"featured_media":0,"comment_status":"closed","ping_status":"closed","sticky":false,"template":"","format":"standard","meta":{"footnotes":""},"categories":[17991],"tags":[],"class_list":["post-69913","post","type-post","status-publish","format-standard","","category-son-dakika"],"_links":{"self":[{"href":"https:\/\/archive.sana.sy\/tr\/index.php?rest_route=\/wp\/v2\/posts\/69913","targetHints":{"allow":["GET"]}}],"collection":[{"href":"https:\/\/archive.sana.sy\/tr\/index.php?rest_route=\/wp\/v2\/posts"}],"about":[{"href":"https:\/\/archive.sana.sy\/tr\/index.php?rest_route=\/wp\/v2\/types\/post"}],"author":[{"embeddable":true,"href":"https:\/\/archive.sana.sy\/tr\/index.php?rest_route=\/wp\/v2\/users\/1"}],"replies":[{"embeddable":true,"href":"https:\/\/archive.sana.sy\/tr\/index.php?rest_route=%2Fwp%2Fv2%2Fcomments&post=69913"}],"version-history":[{"count":0,"href":"https:\/\/archive.sana.sy\/tr\/index.php?rest_route=\/wp\/v2\/posts\/69913\/revisions"}],"wp:attachment":[{"href":"https:\/\/archive.sana.sy\/tr\/index.php?rest_route=%2Fwp%2Fv2%2Fmedia&parent=69913"}],"wp:term":[{"taxonomy":"category","embeddable":true,"href":"https:\/\/archive.sana.sy\/tr\/index.php?rest_route=%2Fwp%2Fv2%2Fcategories&post=69913"},{"taxonomy":"post_tag","embeddable":true,"href":"https:\/\/archive.sana.sy\/tr\/index.php?rest_route=%2Fwp%2Fv2%2Ftags&post=69913"}],"curies":[{"name":"wp","href":"https:\/\/api.w.org\/{rel}","templated":true}]}}