{"id":69918,"date":"2016-04-20T16:09:38","date_gmt":"2016-04-20T13:09:38","guid":{"rendered":"http:\/\/www.sana.sy\/tr\/?p=69918"},"modified":"2016-04-20T16:10:01","modified_gmt":"2016-04-20T13:10:01","slug":"erdogan-hukumetinin-bmnin-insani-calismalarinda-en-onemli-temel-kapi-olarak-gordugu-nusaybin-kapisini-bu-yondeki-cabalar-onunde-kapattigina-dikkat-ceken-caferi-haseke-ve-daha-baska-bolgeler","status":"publish","type":"post","link":"https:\/\/archive.sana.sy\/tr\/?p=69918","title":{"rendered":"Erdo\u011fan h\u00fck\u00fcmetinin, BM\u2019nin insani \u00e7al\u0131\u015fmalar\u0131nda en \u00f6nemli temel kap\u0131 olarak g\u00f6rd\u00fc\u011f\u00fc Nusaybin Kap\u0131s\u0131n\u0131 bu y\u00f6ndeki \u00e7abalar \u00f6n\u00fcnde kapatt\u0131\u011f\u0131na dikkat \u00e7eken Caferi; Haseke ve daha ba\u015fka b\u00f6lgelerde y\u00fcz binlerce vatanda\u015f\u0131n Erdo\u011fan\u2019\u0131n bu d\u00fc\u015fmanc\u0131 tutumu nedeniyle ac\u0131lar ya\u015fad\u0131\u011f\u0131n\u0131 ifade etti"},"content":{"rendered":"<p>Erdo\u011fan h\u00fck\u00fcmetinin, BM\u2019nin insani \u00e7al\u0131\u015fmalar\u0131nda en \u00f6nemli temel kap\u0131 olarak g\u00f6rd\u00fc\u011f\u00fc Nusaybin Kap\u0131s\u0131n\u0131 bu y\u00f6ndeki \u00e7abalar \u00f6n\u00fcnde kapatt\u0131\u011f\u0131na dikkat \u00e7eken Caferi; Haseke ve daha ba\u015fka b\u00f6lgelerde y\u00fcz binlerce vatanda\u015f\u0131n Erdo\u011fan\u2019\u0131n bu d\u00fc\u015fmanc\u0131 tutumu nedeniyle ac\u0131lar ya\u015fad\u0131\u011f\u0131n\u0131 ifade etti<\/p>\n","protected":false},"excerpt":{"rendered":"<p>Erdo\u011fan h\u00fck\u00fcmetinin, BM\u2019nin insani \u00e7al\u0131\u015fmalar\u0131nda en \u00f6nemli temel kap\u0131 olarak g\u00f6rd\u00fc\u011f\u00fc Nusaybin Kap\u0131s\u0131n\u0131 bu y\u00f6ndeki \u00e7abalar \u00f6n\u00fcnde kapatt\u0131\u011f\u0131na dikkat \u00e7eken Caferi; Haseke ve daha ba\u015fka b\u00f6lgelerde y\u00fcz binlerce vatanda\u015f\u0131n Erdo\u011fan\u2019\u0131n bu d\u00fc\u015fmanc\u0131 tutumu nedeniyle ac\u0131lar ya\u015fad\u0131\u011f\u0131n\u0131 ifade etti<\/p>\n","protected":false},"author":1,"featured_media":0,"comment_status":"closed","ping_status":"closed","sticky":false,"template":"","format":"standard","meta":{"footnotes":""},"categories":[17991],"tags":[],"class_list":["post-69918","post","type-post","status-publish","format-standard","","category-son-dakika"],"_links":{"self":[{"href":"https:\/\/archive.sana.sy\/tr\/index.php?rest_route=\/wp\/v2\/posts\/69918","targetHints":{"allow":["GET"]}}],"collection":[{"href":"https:\/\/archive.sana.sy\/tr\/index.php?rest_route=\/wp\/v2\/posts"}],"about":[{"href":"https:\/\/archive.sana.sy\/tr\/index.php?rest_route=\/wp\/v2\/types\/post"}],"author":[{"embeddable":true,"href":"https:\/\/archive.sana.sy\/tr\/index.php?rest_route=\/wp\/v2\/users\/1"}],"replies":[{"embeddable":true,"href":"https:\/\/archive.sana.sy\/tr\/index.php?rest_route=%2Fwp%2Fv2%2Fcomments&post=69918"}],"version-history":[{"count":0,"href":"https:\/\/archive.sana.sy\/tr\/index.php?rest_route=\/wp\/v2\/posts\/69918\/revisions"}],"wp:attachment":[{"href":"https:\/\/archive.sana.sy\/tr\/index.php?rest_route=%2Fwp%2Fv2%2Fmedia&parent=69918"}],"wp:term":[{"taxonomy":"category","embeddable":true,"href":"https:\/\/archive.sana.sy\/tr\/index.php?rest_route=%2Fwp%2Fv2%2Fcategories&post=69918"},{"taxonomy":"post_tag","embeddable":true,"href":"https:\/\/archive.sana.sy\/tr\/index.php?rest_route=%2Fwp%2Fv2%2Ftags&post=69918"}],"curies":[{"name":"wp","href":"https:\/\/api.w.org\/{rel}","templated":true}]}}